{"id":29607,"date":"2026-03-26T10:01:59","date_gmt":"2026-03-26T14:01:59","guid":{"rendered":"https:\/\/mcc.ca\/?post_type=news&#038;p=29607"},"modified":"2026-03-26T10:03:00","modified_gmt":"2026-03-26T14:03:00","slug":"les-demandes-dinscription-a-lexamen-de-la-cne-de-septembre-2026-rouvriront-en-mai","status":"publish","type":"news","link":"https:\/\/mcc.ca\/fr\/nouvelles\/les-demandes-dinscription-a-lexamen-de-la-cne-de-septembre-2026-rouvriront-en-mai\/","title":{"rendered":"Les demandes d\u2019inscription \u00e0 l\u2019examen de la CNE de septembre 2026 rouvriront en mai"},"content":{"rendered":"\n<p>Nous sommes heureux de confirmer qu\u2019exceptionnellement, les demandes d\u2019inscription \u00e0 l\u2019examen de la Collaboration nationale en mati\u00e8re d\u2019\u00e9valuation (CNE) de septembre 2026 seront de nouveau accept\u00e9es pour une semaine suppl\u00e9mentaire en mai. La p\u00e9riode de demande sera ouverte du 11 au 15 mai 2026 et se terminera \u00e0 23&nbsp;h&nbsp;59, heure de l\u2019Est (HE) le 15 mai 2026.<\/p>\n\n\n\n<p>Nous sommes conscients des d\u00e9fis li\u00e9s au fait que la p\u00e9riode de demande d\u2019inscription \u00e0 l\u2019examen s\u2019est tenue plus t\u00f4t cette ann\u00e9e, en particulier pour les personnes en attente d\u2019\u00e9ch\u00e9ances importantes pour la deuxi\u00e8me it\u00e9ration du jumelage de CaRMS. Nous esp\u00e9rons que cette p\u00e9riode de demande d\u2019inscription additionnelle permettra de mieux soutenir les candidats touch\u00e9s par ces circonstances.<\/p>\n\n\n\n<p>Le Conseil m\u00e9dical du Canada (CMC) pr\u00e9voit offrir l\u2019examen de la CNE les 19 et 20 septembre 2026 dans plusieurs centres d\u2019examen partout au Canada. Les candidats pourront faire une demande d\u2019inscription pour cette session par l\u2019entremise de leur compte <a href=\"https:\/\/portail.inscriptionmed.ca\/Account\/InitialLogin\" title=\"\u202finscriptionmed.ca\">inscriptionmed.ca<\/a> du 11 au 15 mai 2026 \u00e0 23 h 59, HE. Visitez\u202fnotre <a href=\"https:\/\/mcc.ca\/fr\/examens-et-evaluations\/examen-de-la-cne\/admissibilite-et-demande\/\" title=\"page web\">page web<\/a> pour plus d\u2019informations sur les crit\u00e8res d\u2019admissibilit\u00e9 \u00e0 l\u2019examen de la CNE.<\/p>\n\n\n\n<p>L\u2019examen de la CNE est offert de fa\u00e7on standardis\u00e9e dans tous les <a href=\"https:\/\/mcc.ca\/fr\/examens-et-evaluations\/examen-de-la-cne\/planification\/\" title=\"centres d\u2019examen disponibles\">centres d\u2019examen disponibles<\/a> et les directeurs de programme de r\u00e9sidence l\u2019accepteront quel que soit l\u2019endroit o\u00f9 il a eu lieu. Vous n\u2019avez donc pas \u00e0 passer l\u2019examen de la CNE dans la province o\u00f9 vous faites demande pour la formation postdoctorale.\u202f<\/p>\n\n\n\n<p>Si vous vous inscrivez \u00e0 titre d\u2019\u00e9tudiant international en m\u00e9decine, veuillez demander \u00e0 votre facult\u00e9 de m\u00e9decine de remplir le <a href=\"https:\/\/mcc.ca\/media\/Attestation-etudiant-formulaire.pdf\" title=\"Formulaire d\u2019attestation d\u2019\u00e9tudiant\">Formulaire d\u2019attestation d\u2019\u00e9tudiant<\/a>. Vous devrez t\u00e9l\u00e9charger le formulaire d\u00fbment rempli au moment de soumettre votre demande d\u2019examen.<\/p>\n\n\n\n<p>Veuillez noter que notre site Web continue d\u2019\u00eatre mis \u00e0 jour au fur et \u00e0 mesure que de nouvelles informations deviennent disponibles.<\/p>\n","protected":false},"excerpt":{"rendered":"<p>Nous sommes heureux de confirmer qu\u2019exceptionnellement, les demandes d\u2019inscription \u00e0 l\u2019examen de la Collaboration nationale en mati\u00e8re d\u2019\u00e9valuation (CNE) de septembre 2026 seront de nouveau accept\u00e9es pour une semaine suppl\u00e9mentaire en mai. La p\u00e9riode de demande sera ouverte du 11 au 15 mai 2026 et se terminera \u00e0 23&nbsp;h&nbsp;59, heure de l\u2019Est (HE) le 15 [&hellip;]<\/p>\n","protected":false},"featured_media":18036,"parent":0,"menu_order":0,"template":"","format":"standard","news-category":[590],"news-tags":[468],"class_list":["post-29607","news","type-news","status-publish","format-standard","has-post-thumbnail","hentry","news-category-mises-a-jour-operationnelles","news-tags-examen-de-la-cne"],"acf":[],"aioseo_notices":[],"_links":{"self":[{"href":"https:\/\/mcc.ca\/fr\/wp-json\/wp\/v2\/news\/29607","targetHints":{"allow":["GET"]}}],"collection":[{"href":"https:\/\/mcc.ca\/fr\/wp-json\/wp\/v2\/news"}],"about":[{"href":"https:\/\/mcc.ca\/fr\/wp-json\/wp\/v2\/types\/news"}],"wp:featuredmedia":[{"embeddable":true,"href":"https:\/\/mcc.ca\/fr\/wp-json\/wp\/v2\/media\/18036"}],"wp:attachment":[{"href":"https:\/\/mcc.ca\/fr\/wp-json\/wp\/v2\/media?parent=29607"}],"wp:term":[{"taxonomy":"news-category","embeddable":true,"href":"https:\/\/mcc.ca\/fr\/wp-json\/wp\/v2\/news-category?post=29607"},{"taxonomy":"news-tags","embeddable":true,"href":"https:\/\/mcc.ca\/fr\/wp-json\/wp\/v2\/news-tags?post=29607"}],"curies":[{"name":"wp","href":"https:\/\/api.w.org\/{rel}","templated":true}]}}