{"id":29483,"date":"2026-03-13T09:50:35","date_gmt":"2026-03-13T13:50:35","guid":{"rendered":"https:\/\/mcc.ca\/?post_type=news&#038;p=29483"},"modified":"2026-03-13T10:52:03","modified_gmt":"2026-03-13T14:52:03","slug":"la-dre-sarita-verma-accede-a-un-nouveau-role-de-leadership-au-cmc","status":"publish","type":"news","link":"https:\/\/mcc.ca\/fr\/nouvelles\/la-dre-sarita-verma-accede-a-un-nouveau-role-de-leadership-au-cmc\/","title":{"rendered":"La D<sup>re<\/sup> Sarita Verma acc\u00e8de \u00e0 un nouveau r\u00f4le de leadership au CMC"},"content":{"rendered":"\n<p>Le Conseil m\u00e9dical du Canada (CMC) est heureux d\u2019annoncer la nomination de la D<sup>re<\/sup> Sarita Verma au poste de m\u00e9decin en chef (int\u00e9rimaire), \u00e0 compter du 1er avril 2026, pour un mandat de neuf mois.<\/p>\n\n\n\n<p>Ce nouveau poste de direction refl\u00e8te l\u2019engagement du CMC \u00e0 renforcer le leadership m\u00e9dical et \u00e0 faire progresser ses priorit\u00e9s strat\u00e9giques dans un contexte de transformation importante du secteur de la sant\u00e9 au Canada. La D<sup>re<\/sup> Verma, qui occupe le poste de conseill\u00e8re de direction aupr\u00e8s du directeur g\u00e9n\u00e9ral au CMC depuis avril 2025, continuera de mettre \u00e0 profit son expertise dans le domaine de l\u2019\u00e9ducation m\u00e9dicale, de l\u2019innovation en mati\u00e8re d\u2019octroi du permis d\u2019exercice et des ressources humaines en sant\u00e9. Dans ses nouvelles fonctions, la D<sup>re<\/sup> Verma appuiera davantage les travaux du CMC visant \u00e0 moderniser les \u00e9valuations et \u00e0 renforcer la collaboration au sein des communaut\u00e9s m\u00e9dicales et r\u00e9glementaires du Canada. Elle contribuera \u00e9galement \u00e0 \u00e9largir les partenariats strat\u00e9giques et \u00e0 d\u00e9velopper le leadership au sein de l\u2019organisation ainsi que dans l\u2019ensemble du syst\u00e8me de sant\u00e9.<\/p>\n\n\n\n<p>\u00ab&nbsp;Puisque nous travaillons \u00e0 faire en sorte que les m\u00e9decins poss\u00e8dent les comp\u00e9tences n\u00e9cessaires pour offrir des soins s\u00e9curitaires et accessibles \u00e0 la population canadienne, il est tout \u00e0 fait logique qu\u2019un m\u00e9decin en chef si\u00e8ge \u00e0 notre table de direction et repr\u00e9sente le CMC dans les discussions cl\u00e9s qui ont lieu \u00e0 l\u2019\u00e9chelle nationale&nbsp;\u00bb, d\u00e9clare le D<sup>r<\/sup> Viren Naik, directeur g\u00e9n\u00e9ral du CMC. \u00ab&nbsp;La D<sup>re<\/sup> Verma apporte une exp\u00e9rience exceptionnelle en \u00e9ducation m\u00e9dicale, en r\u00e9glementation et en leadership dans le syst\u00e8me de sant\u00e9. Sa vision strat\u00e9gique et sa perspective nationale viendront renforcer notre travail et contribueront \u00e0 positionner le CMC pour l\u2019avenir.&nbsp;\u00bb<\/p>\n\n\n\n<p>M\u00e9decin de famille et avocate, la D<sup>re<\/sup> Verma est largement reconnue comme une chef de file internationale en \u00e9ducation m\u00e9dicale et en leadership universitaire en sant\u00e9. Elle a notamment occup\u00e9 les fonctions de pr\u00e9sidente, vice-chanceli\u00e8re et doyenne de l\u2019Universit\u00e9 de l\u2019\u00c9cole de m\u00e9decine du Nord de l\u2019Ontario (EMNO), o\u00f9 elle a contribu\u00e9 \u00e0 faire progresser l\u2019\u00e9ducation m\u00e9dicale d\u00e9centralis\u00e9e ainsi que des m\u00e9thodes novatrices pour former des m\u00e9decins appel\u00e9s \u00e0 exercer dans les communaut\u00e9s rurales et mal desservies. Son vaste parcours en leadership comprend \u00e9galement son r\u00f4le de vice-pr\u00e9sidente, \u00c9ducation, \u00e0 l\u2019Association des facult\u00e9s de m\u00e9decine du Canada, ainsi que plusieurs postes de direction universitaire de haut niveau \u00e0 la University of Toronto et \u00e0 la Queen\u2019s University.<\/p>\n\n\n\n<p><\/p>\n","protected":false},"excerpt":{"rendered":"<p>Le Conseil m\u00e9dical du Canada (CMC) est heureux d\u2019annoncer la nomination de la Dre Sarita Verma au poste de m\u00e9decin en chef (int\u00e9rimaire), \u00e0 compter du 1er avril 2026, pour un mandat de neuf mois. Ce nouveau poste de direction refl\u00e8te l\u2019engagement du CMC \u00e0 renforcer le leadership m\u00e9dical et \u00e0 faire progresser ses priorit\u00e9s [&hellip;]<\/p>\n","protected":false},"featured_media":23420,"parent":0,"menu_order":0,"template":"","format":"standard","news-category":[593,592],"news-tags":[465],"class_list":["post-29483","news","type-news","status-publish","format-standard","has-post-thumbnail","hentry","news-category-annonces","news-category-mises-a-jour-generales","news-tags-avis"],"acf":[],"aioseo_notices":[],"_links":{"self":[{"href":"https:\/\/mcc.ca\/fr\/wp-json\/wp\/v2\/news\/29483","targetHints":{"allow":["GET"]}}],"collection":[{"href":"https:\/\/mcc.ca\/fr\/wp-json\/wp\/v2\/news"}],"about":[{"href":"https:\/\/mcc.ca\/fr\/wp-json\/wp\/v2\/types\/news"}],"wp:featuredmedia":[{"embeddable":true,"href":"https:\/\/mcc.ca\/fr\/wp-json\/wp\/v2\/media\/23420"}],"wp:attachment":[{"href":"https:\/\/mcc.ca\/fr\/wp-json\/wp\/v2\/media?parent=29483"}],"wp:term":[{"taxonomy":"news-category","embeddable":true,"href":"https:\/\/mcc.ca\/fr\/wp-json\/wp\/v2\/news-category?post=29483"},{"taxonomy":"news-tags","embeddable":true,"href":"https:\/\/mcc.ca\/fr\/wp-json\/wp\/v2\/news-tags?post=29483"}],"curies":[{"name":"wp","href":"https:\/\/api.w.org\/{rel}","templated":true}]}}