{"id":27231,"date":"2025-11-14T15:27:36","date_gmt":"2025-11-14T20:27:36","guid":{"rendered":"https:\/\/mcc.ca\/?post_type=news&#038;p=27231"},"modified":"2026-03-26T14:33:11","modified_gmt":"2026-03-26T18:33:11","slug":"fin-du-programme-cmc-360-et-relancement-en-alberta-sous-le-nom-de-msf360","status":"publish","type":"news","link":"https:\/\/mcc.ca\/fr\/nouvelles\/fin-du-programme-cmc-360-et-relancement-en-alberta-sous-le-nom-de-msf360\/","title":{"rendered":"Fin du programme CMC 360 et relancement en Alberta sous le nom de MSF360"},"content":{"rendered":"\n<p>Apr\u00e8s plus de sept ans pass\u00e9s \u00e0 soutenir les m\u00e9decins et les professionnels de la sant\u00e9 partout au pays dans leur cheminement de perfectionnement professionnel, nous avons mis fin au programme CMC\u202f360.<\/p>\n\n\n\n<p>La d\u00e9cision difficile de cesser d\u2019offrir le CMC\u202f360 a \u00e9t\u00e9 prise afin de mieux nous aligner sur <a href=\"https:\/\/mcc.ca\/fr\/a-propos-de-nous\/plan-strategique-2024-2027\/\" title=\"nos priorit\u00e9s strat\u00e9giques pour 2024-2027\">nos priorit\u00e9s strat\u00e9giques pour 2024-2027<\/a>. Notre directeur g\u00e9n\u00e9ral, le D<sup>r<\/sup>\u202fViren\u202fNaik, affirme que \u00ab&nbsp;la valeur du programme CMC 360 n\u2019a jamais \u00e9t\u00e9 remise en question&nbsp;\u00bb. Il reconna\u00eet l\u2019engagement de l&rsquo;\u00e9quipe qui a mis en \u0153uvre ce programme, lequel \u00ab\u202fs\u2019est m\u00e9rit\u00e9 le respect et la confiance \u00e0 l\u2019\u00e9chelle nationale\u202f\u00bb.<\/p>\n\n\n\n<p>Entre 2018 et 2025, plus de 8\u202f000\u202fparticipants provenant de huit provinces et territoires diff\u00e9rents ont pris part au programme CMC\u202f360. La plupart des participants ont suivi le programme \u00e0 l\u2019invitation d\u2019h\u00f4pitaux ou \u00e0 celle de la r\u00e9gie r\u00e9gionale de la sant\u00e9 ou de l\u2019ordre de m\u00e9decins de leur province ou territoire afin d\u2019assurer un cycle r\u00e9gulier d\u2019activit\u00e9s de d\u00e9veloppement professionnel continu et d\u2019am\u00e9lioration cyclique de la qualit\u00e9.<\/p>\n\n\n\n<p>Nous sommes extr\u00eamement fiers du travail accompli dans le cadre du CMC\u202f360 pour aider les m\u00e9decins et autres professionnels de la sant\u00e9 \u00e0 am\u00e9liorer leurs comp\u00e9tences en mati\u00e8re de communication, de collaboration et de professionnalisme gr\u00e2ce \u00e0 un processus complet de r\u00e9troaction multisources. Le programme constitue une source de fiert\u00e9, en particulier depuis l\u2019ajout r\u00e9cent d\u2019un volet sur la s\u00e9curit\u00e9 culturelle, lequel t\u00e9moigne de notre engagement \u00e0 favoriser des milieux de soins plus inclusifs et s\u00e9curitaires.<\/p>\n\n\n\n<h4 class=\"wp-block-heading has-text-color has-link-color wp-elements-8a311f7c9ab684af436bc88c32c85d7c\" style=\"color:#456e96\">R\u00e9flexions sur un programme national de r\u00e9troaction<\/h4>\n\n\n\n<p>Le CMC\u202f360 s\u2019est distingu\u00e9 en tant qu\u2019outil novateur de r\u00e9troaction multisources, \u00e0 la fois pour l\u2019int\u00e9gration des commentaires des patients que pour les s\u00e9ances de mentorat qui ont aid\u00e9 les participants \u00e0 interpr\u00e9ter leurs rapports finaux et \u00e0 les guider dans la mise en place d\u2019actions concr\u00e8tes.<\/p>\n\n\n\n<p>Le programme CMC\u202f360 a \u00e9t\u00e9 con\u00e7u \u00e0 partir du r\u00e9f\u00e9rentiel CanMEDS; le sondage, les questions, les rapports et la structure du programme, qui ont \u00e9t\u00e9 \u00e9tablis en collaboration avec des groupes d\u2019experts, sont fond\u00e9s sur les recherches existantes en mati\u00e8re de r\u00e9troaction multisources. Au fil du temps, nous avons \u00e9labor\u00e9 des questionnaires sp\u00e9cialis\u00e9s ciblant divers contextes cliniques (p.\u202fex. soins \u00e9pisodiques, soins de longue dur\u00e9e) et divers professionnels de la sant\u00e9 (p.\u202fex. coroners, sages-femmes).<\/p>\n\n\n\n<p>\u00c0 noter aussi que le CMC\u202f360, qui \u00e9tait accr\u00e9dit\u00e9 \u00e0 la fois par le Coll\u00e8ge des m\u00e9decins de famille du Canada et le Coll\u00e8ge royal des m\u00e9decins et chirurgiens du Canada, a permis aux m\u00e9decins qui participaient au programme d\u2019obtenir des cr\u00e9dits de d\u00e9veloppement professionnel continu.<\/p>\n\n\n\n<h4 class=\"wp-block-heading has-text-color has-link-color wp-elements-cbc25d5b313cd82d2b390bec552ad1a1\" style=\"color:#456e96\">Un nouveau foyer pour le programme de r\u00e9troaction multisources<\/h4>\n\n\n\n<p>Bien que le CMC\u202f360 arrive \u00e0 son terme sous notre direction, son avenir est assur\u00e9 gr\u00e2ce au College of Physicians &amp; Surgeons of Alberta\u202f(CPSA), qui en a acquis la propri\u00e9t\u00e9 intellectuelle et qui pr\u00e9voit de le relancer en 2026 sous un nouveau nom\u202f: <a href=\"https:\/\/msf360.ca\/\" title=\"\">MSF360<\/a> (en anglais seulement).<\/p>\n\n\n\n<p>En 2017, nous nous sommes associ\u00e9s au CPSA pour \u00e9tablir notre projet pilote de validation de concept, lequel est devenu le premier partenaire \u00e0 rendre le programme op\u00e9rationnel.<\/p>\n\n\n\n<p>\u00ab\u202fDe nombreuses recherches ont \u00e9t\u00e9 men\u00e9es \u00e0 l\u2019appui de cet outil au fil des ans, et le CPSA continuera \u00e0 prioriser la recherche et \u00e0 investir dans ce domaine afin d\u2019\u00e9valuer la fiabilit\u00e9 des donn\u00e9es quantitatives et qualitatives recueillies par les participants au programme\u202f\u00bb, explique Phong Van, directeur du programme de comp\u00e9tence continue du CPSA. \u00ab\u202fNotre objectif est de veiller \u00e0 ce que le MSF360 demeure pertinent et utile, et que les professionnels de la sant\u00e9 soient soutenus dans leurs efforts pour offrir \u00e0 la population des soins de la plus haute qualit\u00e9.\u202f\u00bb<\/p>\n\n\n\n<p>Nous sommes heureux que le CPSA continue d\u2019offrir ce programme, donnant ainsi aux m\u00e9decins l\u2019occasion de r\u00e9fl\u00e9chir \u00e0 leur propre pratique et de renforcer les comp\u00e9tences essentielles qui contribuent \u00e0 am\u00e9liorer les r\u00e9sultats de sant\u00e9. Nos organisations travaillent en \u00e9troite collaboration afin d\u2019assurer une transition sans heurts pour les m\u00e9decins participants de l\u2019Alberta ainsi que pour les organisations qui pr\u00e9voient de continuer \u00e0 y participer.<\/p>\n\n\n\n<p class=\"has-text-color has-link-color wp-elements-e23908432e5e7a00211305f3dde6ea0c\" style=\"color:#456e96\">__________<\/p>\n\n\n\n<h5 class=\"wp-block-heading has-text-color has-link-color wp-elements-20de22fbd9842199ee8791552f849ace\" style=\"color:#456e96\">Pour plus d\u2019informations, vous pouvez contacter notre \u00e9quipe \u00e0 l\u2019adresse <a href=\"mailto:communications@cmc.ca\">communications@cmc.ca<\/a> ainsi que<br>le programme d\u2019am\u00e9lioration de la pratique m\u00e9dicale (PPIP) du CPSA \u00e0 l\u2019adresse <a href=\"mailto:ppip@cpsa.ab.ca\">ppip@cpsa.ab.ca<\/a>.<\/h5>\n\n\n\n<div style=\"height:20px\" aria-hidden=\"true\" class=\"wp-block-spacer\"><\/div>\n\n\n\n<p><\/p>\n","protected":false},"excerpt":{"rendered":"<p>Apr\u00e8s plus de sept ans pass\u00e9s \u00e0 soutenir les m\u00e9decins et les professionnels de la sant\u00e9 partout au pays dans leur cheminement de perfectionnement professionnel, nous avons mis fin au programme CMC\u202f360. La d\u00e9cision difficile de cesser d\u2019offrir le CMC\u202f360 a \u00e9t\u00e9 prise afin de mieux nous aligner sur nos priorit\u00e9s strat\u00e9giques pour 2024-2027. Notre [&hellip;]<\/p>\n","protected":false},"featured_media":27028,"parent":0,"menu_order":0,"template":"","format":"standard","news-category":[593],"news-tags":[],"class_list":["post-27231","news","type-news","status-publish","format-standard","has-post-thumbnail","hentry","news-category-annonces"],"acf":[],"aioseo_notices":[],"_links":{"self":[{"href":"https:\/\/mcc.ca\/fr\/wp-json\/wp\/v2\/news\/27231","targetHints":{"allow":["GET"]}}],"collection":[{"href":"https:\/\/mcc.ca\/fr\/wp-json\/wp\/v2\/news"}],"about":[{"href":"https:\/\/mcc.ca\/fr\/wp-json\/wp\/v2\/types\/news"}],"wp:featuredmedia":[{"embeddable":true,"href":"https:\/\/mcc.ca\/fr\/wp-json\/wp\/v2\/media\/27028"}],"wp:attachment":[{"href":"https:\/\/mcc.ca\/fr\/wp-json\/wp\/v2\/media?parent=27231"}],"wp:term":[{"taxonomy":"news-category","embeddable":true,"href":"https:\/\/mcc.ca\/fr\/wp-json\/wp\/v2\/news-category?post=27231"},{"taxonomy":"news-tags","embeddable":true,"href":"https:\/\/mcc.ca\/fr\/wp-json\/wp\/v2\/news-tags?post=27231"}],"curies":[{"name":"wp","href":"https:\/\/api.w.org\/{rel}","templated":true}]}}