{"id":25095,"date":"2025-08-14T12:22:23","date_gmt":"2025-08-14T16:22:23","guid":{"rendered":"https:\/\/mcc.ca\/?post_type=news&#038;p=25095"},"modified":"2025-08-14T12:22:39","modified_gmt":"2025-08-14T16:22:39","slug":"annonce-des-laureats-des-prix-du-cmc-de-2025","status":"publish","type":"news","link":"https:\/\/mcc.ca\/fr\/nouvelles\/annonce-des-laureats-des-prix-du-cmc-de-2025\/","title":{"rendered":"Annonce des laur\u00e9ats des prix du CMC de 2025"},"content":{"rendered":"\n<p class=\"has-medium-font-size\">Le Conseil m\u00e9dical du Canada (CMC) est fier d\u2019annoncer les laur\u00e9ats 2025 de ses quatre prix distingu\u00e9s, qui permettent de reconna\u00eetre les contributions et r\u00e9alisations de certains individus et d\u2019appuyer la recherche et le d\u00e9veloppement dans le domaine de l\u2019\u00e9ducation m\u00e9dicale et l\u2019\u00e9valuation des comp\u00e9tences cliniques.&nbsp;<\/p>\n\n\n\n<div style=\"height:16px\" aria-hidden=\"true\" class=\"wp-block-spacer\"><\/div>\n\n\n\n<h4 class=\"wp-block-heading has-text-color has-link-color wp-elements-28a6bd95558449431edd7edb1aec99d6\" style=\"color:#73a0ae\">Prix pour l\u2019excellence en \u00e9ducation m\u00e9dicale D<sup>r<\/sup>&nbsp;W. Dale Dauphinee&nbsp;<\/h4>\n\n\n\n<p>\u00c0 l\u2019appui de l\u2019engagement du D<sup>r<\/sup> Dauphinee envers l\u2019apprentissage, ce prix est remis \u00e0 un \u00e9tudiant en m\u00e9decine et \u00e0 un r\u00e9sident ayant fait preuve d\u2019excellence en \u00e9ducation m\u00e9dicale au sein des facult\u00e9s de m\u00e9decine du Canada.<\/p>\n\n\n\n<p>Les laur\u00e9ates de 2025 sont la D<sup>re<\/sup> Heather Nichole et M<sup>me<\/sup>&nbsp;Constance Bouthillier.<br><a href=\"https:\/\/mcc.ca\/fr\/a-propos-de-nous\/prix-et-subventions-de-recherche\/prix-pour-lexcellence-en-education-medicale-et-en-evaluation-dr-w-dale-dauphinee\/\" title=\"Lire la suite\">Lire la suite<\/a><\/p>\n\n\n\n<p class=\"has-text-color has-link-color wp-elements-bd02f1c31c1c2e50ddf2ae88d991b914\" style=\"color:#6f919c\">________<\/p>\n\n\n\n<h4 class=\"wp-block-heading has-text-color has-link-color wp-elements-582e5eb9567cef7d0d07d2dcf299d22d\" style=\"color:#73a0ae\">Prix du leadership en responsabilit\u00e9 sociale D<sup>r<\/sup>&nbsp;M. Ian Bowmer<\/h4>\n\n\n\n<p>Dans l\u2019esprit du travail de d\u00e9fense des droits du D<sup>r<\/sup>\u202fBowmer, ce prix est remis \u00e0 un \u00e9tudiant en m\u00e9decine et \u00e0 un r\u00e9sident ayant fait preuve de leadership en mati\u00e8re de responsabilit\u00e9 sociale au sein des facult\u00e9s de m\u00e9decine du Canada.<\/p>\n\n\n\n<p>Les laur\u00e9ats de 2025 sont le D<sup>r<\/sup> Val\u00e9ry-Drice Tchomba et le D<sup>r<\/sup> Anthony Nguyen.<br><a href=\"https:\/\/mcc.ca\/fr\/a-propos-de-nous\/prix-et-subventions-de-recherche\/prix-de-leadership-en-responsabilite-sociale-dr-m-ian-bowmer\/\" title=\"Lire la suite\">Lire la suite<\/a><\/p>\n\n\n\n<p class=\"has-text-color has-link-color wp-elements-bd02f1c31c1c2e50ddf2ae88d991b914\" style=\"color:#6f919c\">________<\/p>\n\n\n\n<h4 class=\"wp-block-heading has-text-color has-link-color wp-elements-3aba957301be80b42c8bd6b14316356d\" style=\"color:#73a0ae\">Prix de r\u00e9alisations exceptionnelles dans l\u2019\u00e9valuation des comp\u00e9tences cliniques D<sup>re<\/sup>&nbsp;Maureen Topps<\/h4>\n\n\n\n<p>Ce prix vise \u00e0 reconna\u00eetre\u202fune personne ou un groupe ayant d\u00e9montr\u00e9 une excellence constante dans les soins de sant\u00e9 ou la recherche en soins de sant\u00e9 au Canada. Ses laur\u00e9ats sont les personnes qui s\u2019assurent que nos professionnels de la sant\u00e9 satisfont les normes \u00e9lev\u00e9es dont b\u00e9n\u00e9ficient les Canadiens et auxquelles ils s\u2019attendent. Ce prix rev\u00eat un caract\u00e8re unique puisque ses laur\u00e9ats proviennent d\u2019une vaste gamme de disciplines en sant\u00e9.<\/p>\n\n\n\n<p>La laur\u00e9ate de 2025 est M<sup>me<\/sup>\u202fMeredith Young.<br><a href=\"https:\/\/mcc.ca\/fr\/a-propos-de-nous\/prix-et-subventions-de-recherche\/prix-de-realisations-exceptionnelles-dans-levaluation-des-competences-cliniques\/\" title=\"Lire la suite\">Lire la suite<\/a><\/p>\n\n\n\n<p class=\"has-text-color has-link-color wp-elements-bd02f1c31c1c2e50ddf2ae88d991b914\" style=\"color:#6f919c\">________<\/p>\n\n\n\n<h4 class=\"wp-block-heading has-text-color has-link-color wp-elements-812313ce01b17cab5137eee22e69a851\" style=\"color:#73a0ae\">Prix de service distingu\u00e9 D<sup>r<\/sup>&nbsp;Louis Levasseur<\/h4>\n\n\n\n<p>Le prix est d\u00e9cern\u00e9 chaque ann\u00e9e \u00e0 un ancien membre ou un membre actuel du Conseil, \u00e0 un membre du personnel ou d\u2019un comit\u00e9 du CMC, ou \u00e0 une personne dont la collaboration a contribu\u00e9 de fa\u00e7on extraordinaire \u00e0 l\u2019accomplissement de la vision et de la mission du CMC. Les r\u00e9alisations et les activit\u00e9s du candidat font la promotion des objectifs et principes du CMC.<\/p>\n\n\n\n<p>La laur\u00e9ate de 2025 est la D<sup>re<\/sup>\u202fTeresa Cavett.<br><a href=\"https:\/\/mcc.ca\/fr\/a-propos-de-nous\/prix-et-subventions-de-recherche\/prix-de-service-distingue-dr-louis-levasseur\/\" title=\"Lire la suite\">Lire la suite<\/a><\/p>\n\n\n\n<p class=\"has-text-color has-link-color wp-elements-35d628aad7c8fa4e119339c6831875cd\" style=\"color:#73a0ae\">________<\/p>\n\n\n\n<p class=\"has-text-color has-link-color has-medium-font-size wp-elements-a25ec674b1147dec6a1bf2e3db29d156\" style=\"color:#6f919c\"><em><strong>F\u00e9licitations \u00e0 tous les laur\u00e9ats et toutes les laur\u00e9ates.<\/strong><\/em><\/p>\n\n\n\n<div style=\"height:32px\" aria-hidden=\"true\" class=\"wp-block-spacer\"><\/div>\n\n\n\n<p><\/p>\n","protected":false},"excerpt":{"rendered":"<p>Le Conseil m\u00e9dical du Canada (CMC) est fier d\u2019annoncer les laur\u00e9ats 2025 de ses quatre prix distingu\u00e9s, qui permettent de reconna\u00eetre les contributions et r\u00e9alisations de certains individus et d\u2019appuyer la recherche et le d\u00e9veloppement dans le domaine de l\u2019\u00e9ducation m\u00e9dicale et l\u2019\u00e9valuation des comp\u00e9tences cliniques.&nbsp; Prix pour l\u2019excellence en \u00e9ducation m\u00e9dicale Dr&nbsp;W. Dale Dauphinee&nbsp; [&hellip;]<\/p>\n","protected":false},"featured_media":22390,"parent":0,"menu_order":0,"template":"","format":"standard","news-category":[593],"news-tags":[],"class_list":["post-25095","news","type-news","status-publish","format-standard","has-post-thumbnail","hentry","news-category-annonces"],"acf":[],"aioseo_notices":[],"_links":{"self":[{"href":"https:\/\/mcc.ca\/fr\/wp-json\/wp\/v2\/news\/25095","targetHints":{"allow":["GET"]}}],"collection":[{"href":"https:\/\/mcc.ca\/fr\/wp-json\/wp\/v2\/news"}],"about":[{"href":"https:\/\/mcc.ca\/fr\/wp-json\/wp\/v2\/types\/news"}],"wp:featuredmedia":[{"embeddable":true,"href":"https:\/\/mcc.ca\/fr\/wp-json\/wp\/v2\/media\/22390"}],"wp:attachment":[{"href":"https:\/\/mcc.ca\/fr\/wp-json\/wp\/v2\/media?parent=25095"}],"wp:term":[{"taxonomy":"news-category","embeddable":true,"href":"https:\/\/mcc.ca\/fr\/wp-json\/wp\/v2\/news-category?post=25095"},{"taxonomy":"news-tags","embeddable":true,"href":"https:\/\/mcc.ca\/fr\/wp-json\/wp\/v2\/news-tags?post=25095"}],"curies":[{"name":"wp","href":"https:\/\/api.w.org\/{rel}","templated":true}]}}