{"id":23954,"date":"2025-06-09T13:50:32","date_gmt":"2025-06-09T17:50:32","guid":{"rendered":"https:\/\/mcc.ca\/?post_type=news&#038;p=23954"},"modified":"2026-01-07T12:40:21","modified_gmt":"2026-01-07T17:40:21","slug":"mise-a-jour-de-juin-2025-croissance-et-collaboration-en-action","status":"publish","type":"news","link":"https:\/\/mcc.ca\/fr\/nouvelles\/mise-a-jour-de-juin-2025-croissance-et-collaboration-en-action\/","title":{"rendered":"Mise \u00e0 jour de juin 2025 \u2013 croissance et collaboration en action"},"content":{"rendered":"\n<p class=\"has-text-color has-link-color wp-elements-13007a7f310c3601eecd5137e4fe6b0d\" style=\"color:#43566a;font-size:16px\"><em>Le premier semestre de 2025 du Conseil m\u00e9dical du Canada (CMC) a \u00e9t\u00e9 consacr\u00e9 \u00e0 la transformation technologique, au renforcement de la collaboration et \u00e0 l\u2019am\u00e9lioration cibl\u00e9e de nos programmes d\u2019\u00e9valuation et de nos services pour les dipl\u00f4m\u00e9s internationaux en m\u00e9decine (DIM). Conform\u00e9ment au plan strat\u00e9gique 2024-2027, nous continuons \u00e0 veiller \u00e0 ce que les m\u00e9decins aient les comp\u00e9tences n\u00e9cessaires pour assurer des soins de sant\u00e9 s\u00e9curitaires et accessibles au Canada, quel que soit l\u2019endroit o\u00f9 ils ont re\u00e7u leur formation m\u00e9dicale.<\/em><\/p>\n\n\n\n<hr class=\"wp-block-separator has-text-color has-alpha-channel-opacity has-background is-style-dots\" style=\"margin-top:80;margin-bottom:80;background-color:#43566a;color:#43566a\"\/>\n\n\n\n<h4 class=\"wp-block-heading\">Progr\u00e8s en mati\u00e8re d\u2019\u00e9valuation<\/h4>\n\n\n\n<p>Les changements apport\u00e9s aux examens du CMC se poursuivent dans le but d\u2019am\u00e9liorer et de moderniser l\u2019exp\u00e9rience des candidats tout en pr\u00e9servant l\u2019int\u00e9grit\u00e9, la validit\u00e9 et la fiabilit\u00e9 des \u00e9valuations. La premi\u00e8re it\u00e9ration du nouvel examen d\u2019aptitude du Conseil m\u00e9dical du Canada (EACMC), partie\u202fI, a \u00e9t\u00e9 lanc\u00e9e en avril 2025. <a href=\"https:\/\/mcc.ca\/fr\/nouvelles\/changements-eacmc-partie-i-2025\/\" target=\"_blank\" rel=\"noopener\" title=\"Cet examen plus court\">Cet examen plus court<\/a> continue d\u2019\u00e9valuer la prise de d\u00e9cisions cliniques, mais utilise d\u00e9sormais des questions \u00e0 choix multiple comme seul format de question. Les candidats auront \u00e9galement plus de temps pour r\u00e9pondre \u00e0 chaque question, et \u00e0 partir de la session d\u2019ao\u00fbt 2025, les r\u00e9sultats seront publi\u00e9s plus rapidement. <a href=\"https:\/\/mcc.ca\/fr\/nouvelles\/changements-a-lexamen-lie-a-la-pdt-en-2026\/\" target=\"_blank\" rel=\"noopener\" title=\"Un nouveau mod\u00e8le d\u2019\u00e9valuation\">Un nouveau mod\u00e8le d\u2019\u00e9valuation<\/a> pour l\u2019examen li\u00e9 \u00e0 la prise de d\u00e9cisions th\u00e9rapeutiques (PDT) est \u00e9galement en cours d\u2019\u00e9laboration; son lancement est pr\u00e9vu en janvier 2026. Le nouvel examen se d\u00e9roulera toujours sur une demi-journ\u00e9e et comportera des questions \u00e0 choix multiple et des questions \u00e0 menu court r\u00e9parties en deux sections, ainsi qu\u2019une pause facultative.<\/p>\n\n\n\n<h4 class=\"wp-block-heading\">Adopter l\u2019\u00e9valuation en milieu de travail<\/h4>\n\n\n\n<p>En f\u00e9vrier 2025, le Physician Assessment Centre of Excellence (PACE) <a href=\"https:\/\/mcc.ca\/fr\/nouvelles\/la-nouvelle-ecosse-ouvre-un-centre-devaluation-innovateur-pour-les-medecins-formes-a-letranger\/\" target=\"_blank\" rel=\"noopener\" title=\"a ouvert ses portes aux patients de Halifax, en Nouvelle-\u00c9cosse\">a ouvert ses portes aux patients de Halifax, en Nouvelle-\u00c9cosse<\/a>. Ce centre permet aux m\u00e9decins \u00e9valuateurs, tous form\u00e9s \u00e0 l\u2019\u00e9valuation en milieu de travail (EMT) par le CMC, d\u2019\u00e9valuer les m\u00e9decins form\u00e9s \u00e0 l\u2019\u00e9tranger (MFE) pendant qu\u2019ils travaillent dans un cadre clinique centralis\u00e9. La clinique, qui applique un mod\u00e8le innovant d\u2019\u00e9valuation de la capacit\u00e9 \u00e0 exercer (ECE) dirig\u00e9 par le College of Physicians and Surgeons of Nova Scotia, est la premi\u00e8re du genre au Canada et offrira initialement des services \u00e0 environ 2 500 patients. PACE devrait permettre \u00e0 plus de 40 nouveaux MFE d&rsquo;int\u00e9grer le syst\u00e8me de sant\u00e9 chaque ann\u00e9e.<\/p>\n\n\n\n<h4 class=\"wp-block-heading\">Un meilleur soutien pour les DIM et les MFE<\/h4>\n\n\n\n<p>Un ensemble de nouvelles initiatives permet au CMC d\u2019apporter un soutien accru aux DIM et aux MFE dans leur cheminement vers l\u2019exercice de la m\u00e9decine au Canada, notamment une page de <a href=\"https:\/\/mcc.ca\/fr\/titres-de-competences-et-services\/parcours-vers-lobtention-du-permis-dexercice\/parcours-a-lintention-des-diplomes-internationaux-en-medecine\/\" target=\"_blank\" rel=\"noopener\" title=\"page de ressources actualis\u00e9e destin\u00e9e aux DIM sur le site Web du CMC\">ressources actualis\u00e9e destin\u00e9e aux DIM<\/a>.<\/p>\n\n\n\n<p>En mars 2025, le D<sup>r<\/sup> Filipe Santos s\u2019est joint au CMC en tant que conseiller sp\u00e9cial aux DIM. Le D<sup>r<\/sup> Santos, qui a re\u00e7u sa formation m\u00e9dicale au Br\u00e9sil, est un anesth\u00e9siste certifi\u00e9 et un professeur adjoint \u00e0 l\u2019Universit\u00e9 de Toronto qui est tr\u00e8s suivi sur les m\u00e9dias sociaux.<\/p>\n\n\n\n<p>Le CMC s\u2019est associ\u00e9 au D<sup>r<\/sup> Santos pour publier un nouveau livre \u00e9lectronique destin\u00e9 \u00e0 aider les DIM et les MFE qui souhaitent exercer au Canada. Publi\u00e9 en avril 2025 sur le site Web du CMC, <em><a href=\"https:\/\/mcc.ca\/wp-content\/uploads\/Octroi-de-permis-dexercice-au-Canada.pdf\" target=\"_blank\" rel=\"noopener\" title=\"Octroi du permis d\u2019exercice de la m\u00e9decine au Canada\">Octroi du permis d\u2019exercice de la m\u00e9decine au Canada<\/a><\/em> est un guide pratique gratuit qui d\u00e9crit les parcours d\u2019assistant clinique et d\u2019associ\u00e9 clinique, ainsi que le processus d\u2019ECE dans l\u2019ensemble du pays, y compris les diff\u00e9rentes exigences pour pr\u00e9senter une demande afin d\u2019exercer ces r\u00f4les dans chaque province et territoire.<\/p>\n\n\n\n<p>En f\u00e9vrier 2025, plus de 6 000 personnes se sont inscrites au premier webinaire du CMC, intitul\u00e9 <em><a href=\"https:\/\/mcc.ca\/fr\/nouvelles\/maintenant-disponible-le-webinaire-du-cmc-pratiquer-la-medecine-au-canada-le-parcours-des-dim-vers-lobtention-dun-permis-dexercice\/\" target=\"_blank\" rel=\"noopener\" title=\"Pratiquer la m\u00e9decine au Canada \u2013 Le parcours des DIM vers l\u2019obtention d\u2019un permis d\u2019exercice\">Pratiquer la m\u00e9decine au Canada \u2013 Le parcours des DIM vers l\u2019obtention d\u2019un permis d\u2019exercice<\/a><\/em>. Le groupe d\u2019experts du webinaire \u00e9tait constitu\u00e9 du D<sup>r<\/sup> Viren Naik, directeur g\u00e9n\u00e9ral du CMC, du D<sup>r<\/sup> Santos et de Stephanie Price, directrice g\u00e9n\u00e9rale de la F\u00e9d\u00e9ration des ordres des m\u00e9decins du Canada. Ensemble, ils ont abord\u00e9 une multitude de sujets li\u00e9s au th\u00e8me, allant des initiatives provinciales visant \u00e0 faciliter l\u2019obtention d\u2019un permis d\u2019exercice pour les DIM aux \u00e9l\u00e9ments \u00e0 prendre en compte lors de la planification du cheminement vers le permis d\u2019exercice. Le public engag\u00e9 a pos\u00e9 plus de 400 questions et a eu une discussion anim\u00e9e avec les autres participants au cours de la s\u00e9ance de clavardage.<\/p>\n\n\n\n<h4 class=\"wp-block-heading\">Am\u00e9liorer le RNM<\/h4>\n\n\n\n<p>Le <a href=\"https:\/\/mcc.ca\/fr\/titres-de-competences-et-services\/registre-national-des-medecins\/\" target=\"_blank\" rel=\"noopener\" title=\"Registre national des m\u00e9decins\">Registre national des m\u00e9decins<\/a> (RNM), dont l\u2019\u00e9laboration a \u00e9t\u00e9 achev\u00e9e en avril 2024, poursuit ses progr\u00e8s. Cette base de donn\u00e9es, qui contribuera \u00e0 am\u00e9liorer la mobilit\u00e9 des m\u00e9decins au Canada, regroupe des donn\u00e9es sur les m\u00e9decins dans un emplacement centralis\u00e9 infonuagique. \u00c0 la fin du mois de mars 2025, toutes les provinces s\u2019\u00e9taient engag\u00e9es \u00e0 fournir des donn\u00e9es au RNM; aujourd\u2019hui, sept d\u2019entre elles y sont pleinement int\u00e9gr\u00e9es et y effectuent r\u00e9guli\u00e8rement des mises \u00e0 jour, alors que l\u2019int\u00e9gration d\u2019une autre est en cours. Le CMC a re\u00e7u un financement suppl\u00e9mentaire de Sant\u00e9 Canada pour \u00e9tendre l\u2019initiative et a aussi commenc\u00e9 \u00e0 s&rsquo;entretenir avec des organisations similaires d\u00e9tenant des donn\u00e9es sur les soins de sant\u00e9 pour trouver des moyens de mieux partager les informations et collaborer, contribuant ainsi \u00e0 orienter la planification des ressources humaines en sant\u00e9 et \u00e0 faire progresser la prise de d\u00e9cision.<\/p>\n\n\n\n<h4 class=\"wp-block-heading\">Nouer des alliances strat\u00e9giques<\/h4>\n\n\n\n<p>Le CMC continue de mettre l\u2019accent sur la collaboration et sur la cr\u00e9ation d\u2019alliances solides, tant au Canada qu\u2019\u00e0 l\u2019\u00e9tranger. En f\u00e9vrier, le CMC a sign\u00e9 un protocole d\u2019accord avec les organisations am\u00e9ricaines Accreditation Council for Graduate Medical Education (ACGME) et Intealth pour \u00e9laborer un cours de formation des \u00e9valuateurs qui aidera les ordres des m\u00e9decins \u00e0 rationaliser et \u00e0 \u00e9largir leurs programmes d\u2019ECE. Toutes deux des organisations ind\u00e9pendantes \u00e0 but non lucrative, Intealth est experte dans l\u2019\u00e9valuation des titres de comp\u00e9tence m\u00e9dicaux, tandis que l\u2019ACGME d\u00e9finit et contr\u00f4le les normes de formation professionnelle volontaire qui pr\u00e9parent les m\u00e9decins \u00e0 fournir des soins m\u00e9dicaux de haute qualit\u00e9 aux \u00c9tats-Unis.<\/p>\n\n\n\n<p>Conform\u00e9ment au plan strat\u00e9gique 2024-2027, le CMC a \u00e9galement engag\u00e9 trois m\u00e9decins conseillers pour fournir une expertise en la mati\u00e8re et donner des conseils sur de multiples projets. Outre le conseiller sp\u00e9cial du CMC aupr\u00e8s des DIM, le D<sup>r<\/sup> Filipe Santos, le D<sup>r<\/sup> Jason R. Frank a \u00e9t\u00e9 nomm\u00e9 en octobre 2024 pour soutenir l\u2019expansion du programme d\u2019EMT du CMC, et la <a href=\"https:\/\/mcc.ca\/fr\/nouvelles\/la-dre-sarita-verma-partage-son-expertise-en-education-medicale-avec-le-cmc\/\" target=\"_blank\" rel=\"noopener\" title=\"Dre Sarita Verma\">D<sup>re<\/sup> Sarita Verma<\/a> a \u00e9t\u00e9 nomm\u00e9e en avril 2025 comme conseill\u00e8re de direction charg\u00e9e de favoriser et de renforcer les alliances strat\u00e9giques.<\/p>\n\n\n\n<h4 class=\"wp-block-heading\">Mettre l\u2019accent sur la technologie<\/h4>\n\n\n\n<p>La transformation technologique du CMC se poursuit avec la sch\u00e9matisation de l\u2019\u00e9tat actuel et futur de nos syst\u00e8mes informatiques et le passage de plateformes num\u00e9riques internes sur mesure \u00e0 des solutions pr\u00eates \u00e0 l\u2019emploi. La plateforme inscriptionmed.ca sera remplac\u00e9e par un syst\u00e8me de gestion de la client\u00e8le de premier ordre bas\u00e9 sur Salesforce, tandis que notre plateforme d\u2019examen sera remplac\u00e9e par RISR, une application d\u2019\u00e9valuation et de formation de premier plan d\u00e9j\u00e0 utilis\u00e9e par le Coll\u00e8ge royal des m\u00e9decins et chirurgiens du Canada et par le Coll\u00e8ge des m\u00e9decins de famille du Canada. Ces mises \u00e0 jour am\u00e9lioreront l\u2019exp\u00e9rience des utilisateurs lors de leurs \u00e9changes avec le CMC, tout en renfor\u00e7ant la s\u00e9curit\u00e9 des donn\u00e9es et l\u2019efficacit\u00e9 op\u00e9rationnelle.<\/p>\n\n\n\n<p><\/p>\n\n\n\n<p><\/p>\n","protected":false},"excerpt":{"rendered":"<p>Le premier semestre de 2025 du Conseil m\u00e9dical du Canada (CMC) a \u00e9t\u00e9 consacr\u00e9 \u00e0 la transformation technologique, au renforcement de la collaboration et \u00e0 l\u2019am\u00e9lioration cibl\u00e9e de nos programmes d\u2019\u00e9valuation et de nos services pour les dipl\u00f4m\u00e9s internationaux en m\u00e9decine (DIM). Conform\u00e9ment au plan strat\u00e9gique 2024-2027, nous continuons \u00e0 veiller \u00e0 ce que les [&hellip;]<\/p>\n","protected":false},"featured_media":24002,"parent":0,"menu_order":0,"template":"","format":"standard","news-category":[590],"news-tags":[],"class_list":["post-23954","news","type-news","status-publish","format-standard","has-post-thumbnail","hentry","news-category-mises-a-jour-operationnelles"],"acf":[],"aioseo_notices":[],"_links":{"self":[{"href":"https:\/\/mcc.ca\/fr\/wp-json\/wp\/v2\/news\/23954","targetHints":{"allow":["GET"]}}],"collection":[{"href":"https:\/\/mcc.ca\/fr\/wp-json\/wp\/v2\/news"}],"about":[{"href":"https:\/\/mcc.ca\/fr\/wp-json\/wp\/v2\/types\/news"}],"wp:featuredmedia":[{"embeddable":true,"href":"https:\/\/mcc.ca\/fr\/wp-json\/wp\/v2\/media\/24002"}],"wp:attachment":[{"href":"https:\/\/mcc.ca\/fr\/wp-json\/wp\/v2\/media?parent=23954"}],"wp:term":[{"taxonomy":"news-category","embeddable":true,"href":"https:\/\/mcc.ca\/fr\/wp-json\/wp\/v2\/news-category?post=23954"},{"taxonomy":"news-tags","embeddable":true,"href":"https:\/\/mcc.ca\/fr\/wp-json\/wp\/v2\/news-tags?post=23954"}],"curies":[{"name":"wp","href":"https:\/\/api.w.org\/{rel}","templated":true}]}}