{"id":22330,"date":"2025-01-23T11:32:52","date_gmt":"2025-01-23T16:32:52","guid":{"rendered":"https:\/\/mcc.ca\/?post_type=news&#038;p=22330"},"modified":"2025-06-09T01:20:54","modified_gmt":"2025-06-09T05:20:54","slug":"changements-a-lexamen-lie-a-la-pdt-en-2026","status":"publish","type":"news","link":"https:\/\/mcc.ca\/fr\/nouvelles\/changements-a-lexamen-lie-a-la-pdt-en-2026\/","title":{"rendered":"Changements \u00e0 l\u2019examen li\u00e9 \u00e0 la PDT en 2026"},"content":{"rendered":"\n<p>Dans le cadre de ses efforts continus pour am\u00e9liorer et moderniser ses examens, le Conseil m\u00e9dical du Canada (CMC) est heureux d&rsquo;annoncer la mise en \u0153uvre d\u2019un nouveau mod\u00e8le d&rsquo;\u00e9valuation pour <a href=\"https:\/\/mcc.ca\/fr\/examens-et-evaluations\/examen-lie-a-la-pdt\/\">l\u2019examen li\u00e9 \u00e0 la prise de d\u00e9cisions th\u00e9rapeutiques (PDT)<\/a>, pr\u00e9vue pour janvier 2026. Administr\u00e9 par le CMC au nom des <a href=\"https:\/\/mcc.ca\/fr\/evaluations\/evaluation-capacite-a-exercer\/\" title=\"\">programmes d\u2019\u00e9valuation de la capacit\u00e9 \u00e0 exercer (ECE)<\/a>, l&rsquo;examen li\u00e9 \u00e0 la PDT est utilis\u00e9 par la plupart des programmes d\u2019ECE dans le cadre de leur processus de s\u00e9lection des m\u00e9decins form\u00e9s \u00e0 l&rsquo;\u00e9tranger qualifi\u00e9s.<\/p>\n\n\n\n<p>Dans le but d\u2019offrir une meilleure exp\u00e9rience aux candidats et de rendre le processus d&rsquo;examen plus efficace, nous mettrons en place un nouveau format qui sera compos\u00e9 de questions \u00e0 choix multiple et de questions \u00e0 menus courts divis\u00e9es en deux sections, avec une pause facultative de 20 minutes entre les sections. Nous pr\u00e9voyons que ces changements permettront \u00e9galement de communiquer les r\u00e9sultats plus rapidement.<\/p>\n\n\n\n<p>L&rsquo;examen li\u00e9 \u00e0 la PDT dans sa version r\u00e9vis\u00e9e conservera son int\u00e9grit\u00e9, sa validit\u00e9 et sa fiabilit\u00e9, avec des questions \u00e9valuant la comp\u00e9tence des candidats au niveau exig\u00e9 d\u2019un m\u00e9decin de famille exer\u00e7ant de fa\u00e7on autonome et s\u00e9curitaire au Canada.&nbsp;<\/p>\n\n\n\n<p>L&rsquo;examen continuera d&rsquo;\u00eatre offert \u00e0 l&rsquo;\u00e9chelle mondiale par l\u2019entremise de Prometric, dans les centres d\u2019examen et par voie de surveillance \u00e0 distance.<\/p>\n\n\n\n<p><\/p>\n\n\n\n<p class=\"has-text-color has-link-color wp-elements-622a1c01a7ada5cd1a271668f601e903\" style=\"color:#456e96\"><\/p>\n\n\n\n<h5 class=\"wp-block-heading has-text-color has-link-color wp-elements-e99316e5928772239d21c04e59ec4010\" style=\"color:#456e96\"><\/h5>\n\n\n\n<p><\/p>\n","protected":false},"excerpt":{"rendered":"<p>Dans le cadre de ses efforts continus pour am\u00e9liorer et moderniser ses examens, le Conseil m\u00e9dical du Canada (CMC) est heureux d&rsquo;annoncer la mise en \u0153uvre d\u2019un nouveau mod\u00e8le d&rsquo;\u00e9valuation pour l\u2019examen li\u00e9 \u00e0 la prise de d\u00e9cisions th\u00e9rapeutiques (PDT), pr\u00e9vue pour janvier 2026. Administr\u00e9 par le CMC au nom des programmes d\u2019\u00e9valuation de la [&hellip;]<\/p>\n","protected":false},"featured_media":22417,"parent":0,"menu_order":0,"template":"","format":"standard","news-category":[589],"news-tags":[500],"class_list":["post-22330","news","type-news","status-publish","format-standard","has-post-thumbnail","hentry","news-category-evaluations","news-tags-pdt"],"acf":[],"aioseo_notices":[],"_links":{"self":[{"href":"https:\/\/mcc.ca\/fr\/wp-json\/wp\/v2\/news\/22330","targetHints":{"allow":["GET"]}}],"collection":[{"href":"https:\/\/mcc.ca\/fr\/wp-json\/wp\/v2\/news"}],"about":[{"href":"https:\/\/mcc.ca\/fr\/wp-json\/wp\/v2\/types\/news"}],"wp:featuredmedia":[{"embeddable":true,"href":"https:\/\/mcc.ca\/fr\/wp-json\/wp\/v2\/media\/22417"}],"wp:attachment":[{"href":"https:\/\/mcc.ca\/fr\/wp-json\/wp\/v2\/media?parent=22330"}],"wp:term":[{"taxonomy":"news-category","embeddable":true,"href":"https:\/\/mcc.ca\/fr\/wp-json\/wp\/v2\/news-category?post=22330"},{"taxonomy":"news-tags","embeddable":true,"href":"https:\/\/mcc.ca\/fr\/wp-json\/wp\/v2\/news-tags?post=22330"}],"curies":[{"name":"wp","href":"https:\/\/api.w.org\/{rel}","templated":true}]}}