{"id":20543,"date":"2025-07-09T07:49:25","date_gmt":"2025-07-09T11:49:25","guid":{"rendered":"https:\/\/mcc.ca\/?post_type=news&#038;p=20543"},"modified":"2025-07-09T07:51:49","modified_gmt":"2025-07-09T11:51:49","slug":"le-dr-jason-r-frank-poursuit-sa-contribution-au-sein-du-cmc-a-titre-de-directeur-evaluation-fondee-sur-les-competences","status":"publish","type":"news","link":"https:\/\/mcc.ca\/fr\/nouvelles\/le-dr-jason-r-frank-poursuit-sa-contribution-au-sein-du-cmc-a-titre-de-directeur-evaluation-fondee-sur-les-competences\/","title":{"rendered":"Le D<sup>r<\/sup> Jason R. Frank poursuit sa contribution au sein du CMC \u00e0 titre de directeur, \u00c9valuation fond\u00e9e sur les comp\u00e9tences"},"content":{"rendered":"\n<p>Le Conseil m\u00e9dical du Canada (CMC) est heureux d\u2019annoncer la nomination du D<sup>r<\/sup>&nbsp;Jason R. Frank au poste de directeur, \u00c9valuation fond\u00e9e sur les comp\u00e9tences. Ce r\u00f4le \u00e0 temps partiel lui permettra de poursuivre son travail strat\u00e9gique au sein du programme d\u2019\u00e9valuation en milieu de travail (EMT) du CMC, un mandat qu\u2019il assume depuis son entr\u00e9e en fonction \u00e0 titre de conseiller m\u00e9dical principal en octobre 2024.&nbsp;<\/p>\n\n\n\n<p>M\u00e9decin renomm\u00e9, \u00e9ducateur m\u00e9dical et \u00e9minent sp\u00e9cialiste de l\u2019approche par comp\u00e9tences en formation m\u00e9dicale, le D<sup>r<\/sup> Frank est <a href=\"https:\/\/www.uottawa.ca\/faculte-medecine\/dr-jason-frank\" target=\"_blank\" rel=\"noreferrer noopener\">professeur au D\u00e9partement de m\u00e9decine d\u2019urgence \u00e0 la Facult\u00e9 de m\u00e9decine<\/a>&nbsp;de l\u2019Universit\u00e9 d\u2019Ottawa et directeur fondateur du&nbsp;<a href=\"https:\/\/www.uottawa.ca\/faculte-medecine\/toutes-nouvelles\/faculte-medecine-se-demarque-education-medicale-grace-au-ciem\" target=\"_blank\" rel=\"noreferrer noopener\">Centre d\u2019innovation en \u00e9ducation m\u00e9dicale (CiEM)<\/a> de la m\u00eame universit\u00e9. Il est \u00e9galement m\u00e9decin traitant \u00e0 l\u2019H\u00f4pital d\u2019Ottawa. Reconnu \u00e0 l\u2019\u00e9chelle internationale pour son travail sur le&nbsp;<a href=\"https:\/\/www.royalcollege.ca\/fr\/standards-and-accreditation\/canmeds\" target=\"_blank\" rel=\"noreferrer noopener\">projet CanMEDS<\/a>, un r\u00e9f\u00e9rentiel de comp\u00e9tences pour les m\u00e9decins, il est consid\u00e9r\u00e9 comme l\u2019un des pionniers de l\u2019approche par comp\u00e9tences en formation m\u00e9dicale. Il est le fondateur et le pr\u00e9sident du Consortium international des collaborateurs de l\u2019approche par comp\u00e9tences en formation m\u00e9dicale et de l\u2019initiative de la&nbsp;<a href=\"https:\/\/www.royalcollege.ca\/fr\/standards-and-accreditation\/competence-by-design\" target=\"_blank\" rel=\"noreferrer noopener\">Comp\u00e9tence par conception<\/a>. Il a pr\u00e9c\u00e9demment occup\u00e9 le poste de directeur de l\u2019\u00e9ducation sp\u00e9cialis\u00e9e, strat\u00e9gie et normes au Bureau de l\u2019\u00e9ducation sp\u00e9cialis\u00e9e du Coll\u00e8ge royal des m\u00e9decins et chirurgiens du Canada.&nbsp;<\/p>\n\n\n\n<p>Parmi les efforts d\u00e9ploy\u00e9s pour appuyer les parcours acc\u00e9l\u00e9r\u00e9s vers l\u2019obtention du permis d\u2019exercice, le CMC, sous la direction du D<sup>r<\/sup> Frank, \u0153uvre au d\u00e9veloppement de son programme d\u2019EMT afin de mieux soutenir les ordres des m\u00e9decins et les programmes d\u2019\u00e9valuation de la capacit\u00e9 \u00e0 exercer. Cette initiative vise \u00e0 \u00e9laborer des solutions standardis\u00e9es et centralis\u00e9es permettant de mener des EMT valides et d\u00e9fendables de m\u00e9decins form\u00e9s \u00e0 l\u2019\u00e9tranger dans des environnements professionnels authentiques. Le D<sup>r<\/sup>&nbsp;Frank continue d\u2019aider le CMC \u00e0 \u00e9largir ses activit\u00e9s actuelles afin de d\u00e9velopper un programme complet d\u2019EMT pouvant \u00eatre mis en \u0153uvre \u00e0 travers le Canada. Il collabore avec des experts en \u00e9valuation, des parties int\u00e9ress\u00e9es ainsi que l\u2019\u00e9quipe du CMC pour s\u2019assurer que le cadre et la feuille de route du nouveau programme d\u2019EMT soient solides, fond\u00e9s sur des donn\u00e9es probantes et adapt\u00e9s aux besoins du syst\u00e8me de sant\u00e9 canadien.<\/p>\n\n\n\n<p><\/p>\n","protected":false},"excerpt":{"rendered":"<p>Le Conseil m\u00e9dical du Canada (CMC) est heureux d\u2019annoncer la nomination du Dr&nbsp;Jason R. Frank au poste de directeur, \u00c9valuation fond\u00e9e sur les comp\u00e9tences. Ce r\u00f4le \u00e0 temps partiel lui permettra de poursuivre son travail strat\u00e9gique au sein du programme d\u2019\u00e9valuation en milieu de travail (EMT) du CMC, un mandat qu\u2019il assume depuis son entr\u00e9e [&hellip;]<\/p>\n","protected":false},"featured_media":20537,"parent":0,"menu_order":0,"template":"","format":"standard","news-category":[593,589,592],"news-tags":[479,490],"class_list":["post-20543","news","type-news","status-publish","format-standard","has-post-thumbnail","hentry","news-category-annonces","news-category-evaluations","news-category-mises-a-jour-generales","news-tags-direction-strategique","news-tags-evaluation"],"acf":[],"aioseo_notices":[],"_links":{"self":[{"href":"https:\/\/mcc.ca\/fr\/wp-json\/wp\/v2\/news\/20543","targetHints":{"allow":["GET"]}}],"collection":[{"href":"https:\/\/mcc.ca\/fr\/wp-json\/wp\/v2\/news"}],"about":[{"href":"https:\/\/mcc.ca\/fr\/wp-json\/wp\/v2\/types\/news"}],"wp:featuredmedia":[{"embeddable":true,"href":"https:\/\/mcc.ca\/fr\/wp-json\/wp\/v2\/media\/20537"}],"wp:attachment":[{"href":"https:\/\/mcc.ca\/fr\/wp-json\/wp\/v2\/media?parent=20543"}],"wp:term":[{"taxonomy":"news-category","embeddable":true,"href":"https:\/\/mcc.ca\/fr\/wp-json\/wp\/v2\/news-category?post=20543"},{"taxonomy":"news-tags","embeddable":true,"href":"https:\/\/mcc.ca\/fr\/wp-json\/wp\/v2\/news-tags?post=20543"}],"curies":[{"name":"wp","href":"https:\/\/api.w.org\/{rel}","templated":true}]}}