{"id":12080,"date":"2022-11-25T13:12:26","date_gmt":"2022-11-25T18:12:26","guid":{"rendered":"https:\/\/mcc2022.wpengine.com\/news\/annonce-des-laureats-des-prix-du-cmc-de-2022\/"},"modified":"2023-12-14T16:37:25","modified_gmt":"2023-12-14T21:37:25","slug":"annonce-des-laureats-des-prix-du-cmc-de-2022","status":"publish","type":"news","link":"https:\/\/mcc.ca\/fr\/nouvelles\/annonce-des-laureats-des-prix-du-cmc-de-2022\/","title":{"rendered":"Annonce des laur\u00e9ats des prix du CMC de 2022"},"content":{"rendered":"<p>Le Conseil m\u00e9dical du Canada (CMC) est fier d\u2019annoncer les laur\u00e9ats de ses quatre prix distingu\u00e9s, qui permettent de reconna\u00eetre les contributions et r\u00e9alisations de certains individus et d\u2019appuyer la recherche et le d\u00e9veloppement dans le domaine de l\u2019\u00e9ducation m\u00e9dicale et l\u2019\u00e9valuation des comp\u00e9tences cliniques.<\/p>\n<h4><strong><br \/>\n<\/strong><span style=\"color: #800000;\">Prix pour l\u2019excellence en \u00e9ducation m\u00e9dicale et en \u00e9valuation D<sup>r\u00a0<\/sup>W. Dale Dauphinee<\/span><\/h4>\n<p>\u00c0 l\u2019appui de l\u2019engagement du D<sup>r\u00a0<\/sup>Dauphinee envers l\u2019apprentissage, ce prix est remis \u00e0 un \u00e9tudiant en m\u00e9decine et \u00e0 un r\u00e9sident ayant fait preuve d\u2019excellence en \u00e9ducation m\u00e9dicale et en \u00e9valuation au sein des facult\u00e9s de m\u00e9decine du Canada.<\/p>\n<p>Les laur\u00e9ats de 2022 sont M<sup>me\u00a0<\/sup>Robin Stone et le D<sup>r\u00a0<\/sup>Lior Krimus.<\/p>\n<p><a href=\"https:\/\/mcc.ca\/fr\/recherche-et-developpement\/prix-et-bourses\/dr-w-dale-dauphinee\/\">Lire la suite<\/a><\/p>\n<h5><strong><span style=\"color: #800000;\">______<\/span><\/strong><\/h5>\n<h4><span style=\"color: #800000;\">Prix du leadership en responsabilit\u00e9 sociale D<sup>r\u00a0<\/sup>M. Ian Bowmer<\/span><\/h4>\n<p>Dans l\u2019esprit du travail de d\u00e9fense des droits du D<sup>r\u00a0<\/sup>Bowmer, ce prix est remis \u00e0 un \u00e9tudiant en m\u00e9decine et \u00e0 un r\u00e9sident ayant fait preuve de leadership en mati\u00e8re de responsabilit\u00e9 sociale au sein des facult\u00e9s de m\u00e9decine du Canada.<\/p>\n<p>Les laur\u00e9ats de 2022 sont M.\u00a0Sukhmeet Singh Sachal et la D<sup>re\u00a0<\/sup>Orianna Mak.<\/p>\n<p><a href=\"https:\/\/mcc.ca\/fr\/recherche-et-developpement\/prix-et-bourses\/prix-du-leadership-en-responsabilite-sociale-dr-ian-bowmer\/\">Lire la suite<\/a><\/p>\n<h5><strong><span style=\"color: #800000;\">______<\/span><\/strong><\/h5>\n<h4><span style=\"color: #800000;\">Prix de r\u00e9alisations exceptionnelles dans l\u2019\u00e9valuation des comp\u00e9tences cliniques<\/span><\/h4>\n<p>Ce prix vise \u00e0 reconna\u00eetre une contribution des plus importantes et vitales dans l\u2019\u00e9valuation des comp\u00e9tences cliniques et professionnelles des praticiens de la sant\u00e9. Cette distinction prestigieuse rev\u00eat un caract\u00e8re unique puisque les candidats \u00e0 ce prix, tout autant que ses laur\u00e9ats, proviennent d\u2019une vaste gamme de disciplines en sant\u00e9.<\/p>\n<p>Le laur\u00e9at de 2022 est le D<sup>r\u00a0<\/sup>Glendon Tait.<\/p>\n<p><a href=\"https:\/\/mcc.ca\/fr\/recherche-et-developpement\/prix-et-bourses\/realisations-exceptionnelles\/\">Lire la suite<\/a><\/p>\n<h5><strong><span style=\"color: #800000;\">______<\/span><\/strong><\/h5>\n<h4><span style=\"color: #800000;\">Prix de service distingu\u00e9 D<sup>r\u00a0<\/sup>Louis Levasseur<\/span><\/h4>\n<p>Le prix est d\u00e9cern\u00e9 chaque ann\u00e9e \u00e0 un ancien membre ou un membre actuel du Conseil, \u00e0 un membre du personnel ou d\u2019un comit\u00e9 du CMC, ou \u00e0 une personne dont la collaboration a contribu\u00e9 de fa\u00e7on extraordinaire \u00e0 l\u2019accomplissement de la vision et de la mission du CMC. Les r\u00e9alisations et les activit\u00e9s du candidat font la promotion des objectifs et principes du CMC.<\/p>\n<p>Le laur\u00e9at de 2022 est M.\u00a0Pierre Lemay.<\/p>\n<p><a href=\"https:\/\/mcc.ca\/fr\/recherche-et-developpement\/prix-et-bourses\/louis-levasseur\/\">Lire la suite<\/a><\/p>\n<h5><span style=\"color: #800000;\">______<\/span><\/h5>\n<p><strong>F\u00e9licitations \u00e0 tous les laur\u00e9ats.<\/strong><br \/>\nLes mises en candidature pour ces prix s\u2019effectuent chaque ann\u00e9e en avril et en mai.<\/p>\n","protected":false},"excerpt":{"rendered":"<p>Le Conseil m\u00e9dical du Canada (CMC) est fier d\u2019annoncer les laur\u00e9ats de ses quatre prix distingu\u00e9s, qui permettent de reconna\u00eetre les contributions et r\u00e9alisations de certains individus et d\u2019appuyer la recherche et le d\u00e9veloppement dans le domaine de l\u2019\u00e9ducation m\u00e9dicale et l\u2019\u00e9valuation des comp\u00e9tences cliniques. Prix pour l\u2019excellence en \u00e9ducation m\u00e9dicale et en \u00e9valuation Dr\u00a0W. [&hellip;]<\/p>\n","protected":false},"featured_media":13099,"parent":0,"menu_order":0,"template":"","format":"standard","news-category":[592],"news-tags":[],"class_list":["post-12080","news","type-news","status-publish","format-standard","has-post-thumbnail","hentry","news-category-mises-a-jour-generales"],"acf":[],"aioseo_notices":[],"_links":{"self":[{"href":"https:\/\/mcc.ca\/fr\/wp-json\/wp\/v2\/news\/12080","targetHints":{"allow":["GET"]}}],"collection":[{"href":"https:\/\/mcc.ca\/fr\/wp-json\/wp\/v2\/news"}],"about":[{"href":"https:\/\/mcc.ca\/fr\/wp-json\/wp\/v2\/types\/news"}],"wp:featuredmedia":[{"embeddable":true,"href":"https:\/\/mcc.ca\/fr\/wp-json\/wp\/v2\/media\/13099"}],"wp:attachment":[{"href":"https:\/\/mcc.ca\/fr\/wp-json\/wp\/v2\/media?parent=12080"}],"wp:term":[{"taxonomy":"news-category","embeddable":true,"href":"https:\/\/mcc.ca\/fr\/wp-json\/wp\/v2\/news-category?post=12080"},{"taxonomy":"news-tags","embeddable":true,"href":"https:\/\/mcc.ca\/fr\/wp-json\/wp\/v2\/news-tags?post=12080"}],"curies":[{"name":"wp","href":"https:\/\/api.w.org\/{rel}","templated":true}]}}