{"id":12050,"date":"2022-05-04T12:06:01","date_gmt":"2022-05-04T16:06:01","guid":{"rendered":"https:\/\/mcc2022.wpengine.com\/news\/le-cmc-est-attriste-par-le-recent-deces-de-cindy-streefkerk-chef-de-lelaboration-strategique\/"},"modified":"2026-02-06T12:23:10","modified_gmt":"2026-02-06T17:23:10","slug":"le-cmc-est-attriste-par-le-recent-deces-de-cindy-streefkerk-chef-de-lelaboration-strategique","status":"publish","type":"news","link":"https:\/\/mcc.ca\/fr\/nouvelles\/le-cmc-est-attriste-par-le-recent-deces-de-cindy-streefkerk-chef-de-lelaboration-strategique\/","title":{"rendered":"Le CMC est attrist\u00e9 par le r\u00e9cent d\u00e9c\u00e8s de Cindy Streefkerk, chef de l\u2019\u00e9laboration strat\u00e9gique"},"content":{"rendered":"<p><img fetchpriority=\"high\" decoding=\"async\" class=\"size-full wp-image-47240 alignleft\" src=\"https:\/\/mcc2022.wpengine.com\/wp-content\/uploads\/Cindy-S.-circular-2.png\" alt=\"\" width=\"280\" height=\"280\" \/>Nous avons \u00e9t\u00e9 extr\u00eamement tristes d\u2019apprendre la mort de Cindy Streefkerk, le 13 avril 2022.<\/p>\n<p>Cindy avait jusque-l\u00e0 travaill\u00e9 activement au sein du Conseil m\u00e9dical du Canada (CMC) et y avait occup\u00e9 diff\u00e9rents postes depuis 2005, son plus r\u00e9cent \u00e9tant celui de chef de l\u2019\u00e9laboration strat\u00e9gique.<\/p>\n<p>Tout au long de sa carri\u00e8re au CMC, Cindy s\u2019est illustr\u00e9e par son enthousiasme et son sens aigu des affaires dans le cadre de plusieurs projets d\u2019envergure. Elle a \u00e9t\u00e9 le fer de lance de la cr\u00e9ation d\u2019un programme national de r\u00e9troaction multisources (CMC 360); elle a assur\u00e9 la visualisation, la formulation, l\u2019\u00e9laboration et la mise en \u0153uvre d\u2019un cadre de travail et d\u2019un programme pancanadiens d\u2019\u00e9valuation de la capacit\u00e9 \u00e0 exercer (<a href=\"https:\/\/mcc.ca\/fr\/evaluations\/evaluation-capacite-a-exercer\/\">\u00c9valuation de la capacit\u00e9 \u00e0 exercer de la Collaboration nationale en mati\u00e8re d\u2019\u00e9valuation<\/a>); et elle a particip\u00e9 au projet de Plan directeur d\u2019\u00e9valuation, qui vise \u00e0 assurer que les comp\u00e9tences essentielles, les connaissances, les aptitudes et les comportements attendus de tout m\u00e9decin qui amorce sa r\u00e9sidence et l\u2019exercice de la m\u00e9decine de mani\u00e8re autonome sont \u00e9valu\u00e9s de fa\u00e7on appropri\u00e9e. Son influence s\u2019\u00e9tendait au-del\u00e0 des murs du CMC; elle collaborait avec des parties prenantes de partout au pays ainsi qu\u2019avec diff\u00e9rents comit\u00e9s.<\/p>\n<p>Cindy \u00e9tait une chef de file couronn\u00e9e de succ\u00e8s et une pr\u00e9cieuse coll\u00e8gue qui a laiss\u00e9 une marque ind\u00e9l\u00e9bile sur le CMC. Nous offrons nos plus sinc\u00e8res condol\u00e9ances \u00e0 sa famille et \u00e0 ses proches.<\/p>\n<p>Consultez la <a href=\"https:\/\/ottawacitizen.remembering.ca\/obituary\/cindy-streefkerk-1085068342\" target=\"_blank\" rel=\"noopener noreferrer\">notice n\u00e9crologique<\/a> de Cindy pour en savoir plus sur sa vie et son d\u00e9c\u00e8s.<\/p>\n","protected":false},"excerpt":{"rendered":"<p>Nous avons \u00e9t\u00e9 extr\u00eamement tristes d\u2019apprendre la mort de Cindy Streefkerk, le 13 avril 2022. Cindy avait jusque-l\u00e0 travaill\u00e9 activement au sein du Conseil m\u00e9dical du Canada (CMC) et y avait occup\u00e9 diff\u00e9rents postes depuis 2005, son plus r\u00e9cent \u00e9tant celui de chef de l\u2019\u00e9laboration strat\u00e9gique. Tout au long de sa carri\u00e8re au CMC, Cindy [&hellip;]<\/p>\n","protected":false},"featured_media":12053,"parent":0,"menu_order":0,"template":"","format":"standard","news-category":[592],"news-tags":[451],"class_list":["post-12050","news","type-news","status-publish","format-standard","has-post-thumbnail","hentry","news-category-mises-a-jour-generales","news-tags-in-memoriam"],"acf":[],"aioseo_notices":[],"_links":{"self":[{"href":"https:\/\/mcc.ca\/fr\/wp-json\/wp\/v2\/news\/12050","targetHints":{"allow":["GET"]}}],"collection":[{"href":"https:\/\/mcc.ca\/fr\/wp-json\/wp\/v2\/news"}],"about":[{"href":"https:\/\/mcc.ca\/fr\/wp-json\/wp\/v2\/types\/news"}],"wp:featuredmedia":[{"embeddable":true,"href":"https:\/\/mcc.ca\/fr\/wp-json\/wp\/v2\/media\/12053"}],"wp:attachment":[{"href":"https:\/\/mcc.ca\/fr\/wp-json\/wp\/v2\/media?parent=12050"}],"wp:term":[{"taxonomy":"news-category","embeddable":true,"href":"https:\/\/mcc.ca\/fr\/wp-json\/wp\/v2\/news-category?post=12050"},{"taxonomy":"news-tags","embeddable":true,"href":"https:\/\/mcc.ca\/fr\/wp-json\/wp\/v2\/news-tags?post=12050"}],"curies":[{"name":"wp","href":"https:\/\/api.w.org\/{rel}","templated":true}]}}