{"id":11879,"date":"2020-05-21T12:26:41","date_gmt":"2020-05-21T16:26:41","guid":{"rendered":"https:\/\/mcc2022.wpengine.com\/news\/revisions-apportees-aux-objectifs-du-cmc-2\/"},"modified":"2020-05-21T12:27:51","modified_gmt":"2020-05-21T16:27:51","slug":"revisions-apportees-aux-objectifs-du-cmc-2","status":"publish","type":"news","link":"https:\/\/mcc.ca\/fr\/nouvelles\/revisions-apportees-aux-objectifs-du-cmc-2\/","title":{"rendered":"R\u00e9visions apport\u00e9es aux objectifs du CMC"},"content":{"rendered":"<p>Les Objectifs du Conseil m\u00e9dical du Canada (CMC) d\u00e9finissent les qualit\u00e9s que devraient poss\u00e9der les dipl\u00f4m\u00e9s en m\u00e9decine qui commencent \u00e0 exercer la profession de fa\u00e7on autonome ou dans un programme de r\u00e9sidence au Canada.<\/p>\n<p>Le CMC aimerait vous faire part de r\u00e9visions apport\u00e9es r\u00e9cemment \u00e0 ses objectifs (ci-dessous). Ces r\u00e9visions ont \u00e9t\u00e9 effectu\u00e9es pour assurer l\u2019actualit\u00e9 et l\u2019exactitude des objectifs du CMC par rapport aux avanc\u00e9es m\u00e9dicales et\/ou sociales.<\/p>\n<table>\n<tbody>\n<tr>\n<td width=\"312\"><strong>Objectif r\u00e9vis\u00e9<\/strong><\/td>\n<td width=\"312\"><strong>Nouvelle r\u00e9f\u00e9rence<\/strong><\/td>\n<\/tr>\n<tr>\n<td width=\"312\">Hypothermie (107-5)<\/td>\n<td width=\"312\">Hypothermie et l\u00e9sions caus\u00e9es par le froid (107-5)<\/td>\n<\/tr>\n<tr>\n<td width=\"312\">Vaccination (74-2)<\/td>\n<td width=\"312\">Vaccination (74-2)<\/td>\n<\/tr>\n<tr>\n<td width=\"312\">Soins pr\u00e9nataux (80-1)<\/td>\n<td width=\"312\">Soins pr\u00e9nataux (80-1)<\/td>\n<\/tr>\n<\/tbody>\n<\/table>\n<p>Vous trouverez plus d&rsquo;information sur les objectifs du CMC sur notre <a href=\"https:\/\/mcc.ca\/fr\/objectifs\/\">page des objectifs<\/a>.<\/p>\n","protected":false},"excerpt":{"rendered":"<p>Les Objectifs du Conseil m\u00e9dical du Canada (CMC) d\u00e9finissent les qualit\u00e9s que devraient poss\u00e9der les dipl\u00f4m\u00e9s en m\u00e9decine qui commencent \u00e0 exercer la profession de fa\u00e7on autonome ou dans un programme de r\u00e9sidence au Canada. Le CMC aimerait vous faire part de r\u00e9visions apport\u00e9es r\u00e9cemment \u00e0 ses objectifs (ci-dessous). Ces r\u00e9visions ont \u00e9t\u00e9 effectu\u00e9es pour [&hellip;]<\/p>\n","protected":false},"featured_media":8445,"parent":0,"menu_order":0,"template":"","format":"standard","news-category":[589],"news-tags":[],"class_list":["post-11879","news","type-news","status-publish","format-standard","has-post-thumbnail","hentry","news-category-evaluations"],"acf":[],"aioseo_notices":[],"_links":{"self":[{"href":"https:\/\/mcc.ca\/fr\/wp-json\/wp\/v2\/news\/11879","targetHints":{"allow":["GET"]}}],"collection":[{"href":"https:\/\/mcc.ca\/fr\/wp-json\/wp\/v2\/news"}],"about":[{"href":"https:\/\/mcc.ca\/fr\/wp-json\/wp\/v2\/types\/news"}],"wp:featuredmedia":[{"embeddable":true,"href":"https:\/\/mcc.ca\/fr\/wp-json\/wp\/v2\/media\/8445"}],"wp:attachment":[{"href":"https:\/\/mcc.ca\/fr\/wp-json\/wp\/v2\/media?parent=11879"}],"wp:term":[{"taxonomy":"news-category","embeddable":true,"href":"https:\/\/mcc.ca\/fr\/wp-json\/wp\/v2\/news-category?post=11879"},{"taxonomy":"news-tags","embeddable":true,"href":"https:\/\/mcc.ca\/fr\/wp-json\/wp\/v2\/news-tags?post=11879"}],"curies":[{"name":"wp","href":"https:\/\/api.w.org\/{rel}","templated":true}]}}