{"id":11857,"date":"2020-03-24T15:27:34","date_gmt":"2020-03-24T19:27:34","guid":{"rendered":"https:\/\/mcc2022.wpengine.com\/news\/covid-19-fermeture-de-ledifice-du-cmc-en-date-du-mardi-24-mars-2020\/"},"modified":"2024-01-26T13:32:20","modified_gmt":"2024-01-26T18:32:20","slug":"covid-19-fermeture-de-ledifice-du-cmc-en-date-du-mardi-24-mars-2020","status":"publish","type":"news","link":"https:\/\/mcc.ca\/fr\/nouvelles\/covid-19-fermeture-de-ledifice-du-cmc-en-date-du-mardi-24-mars-2020\/","title":{"rendered":"COVID-19 : Fermeture de l\u2019\u00e9difice du CMC en date du mardi 24 mars 2020"},"content":{"rendered":"<p>Le Conseil m\u00e9dical du Canada (CMC) s\u2019est engag\u00e9 \u00e0 collaborer avec le gouvernement canadien et les autorit\u00e9s de la sant\u00e9 publique pour veiller \u00e0 ce que les pratiques exemplaires soient suivies afin d\u2019aider \u00e0 contenir la propagation de la COVID-19 et de prot\u00e9ger la sant\u00e9 et la s\u00e9curit\u00e9 de toutes les personnes au Canada.<\/p>\n<p>Le CMC est d\u00e9termin\u00e9 \u00e0 adopter une approche globale et \u00e0 prendre les mesures n\u00e9cessaires en r\u00e9ponse \u00e0 la pand\u00e9mie de la COVID-19. Par cons\u00e9quent, pour assurer la sant\u00e9 et la s\u00e9curit\u00e9 de nos employ\u00e9s, l\u2019\u00e9difice du CMC est ferm\u00e9 \u00e0 compter du mardi 24 mars 2020 jusqu\u2019\u00e0 ce que l\u2019<a href=\"https:\/\/www.canada.ca\/fr\/sante-publique\/services\/maladies\/maladie-coronavirus-covid-19.html\">Agence de la sant\u00e9 publique du Canada (ASPC)<\/a> nous fournisse d\u2019autres directives. Tous les membres du personnel du CMC travaillent \u00e0 partir de la maison, et le bureau de service restera op\u00e9rationnel pour r\u00e9pondre \u00e0 vos courriels, appels et clavardages pendant ses heures normales de travail, soit du lundi au jeudi, de 8 h \u00e0 16 h 30, heure de l\u2019Est (HE) et de 9 h 30 \u00e0 16 h 30, HE, le vendredi.<\/p>\n<p>Ces mesures de pr\u00e9caution ont \u00e9t\u00e9 prises pour limiter la propagation potentielle du virus et pour soutenir nos employ\u00e9s en cette p\u00e9riode difficile, tout en continuant de fournir des services \u00e0 nos candidats et intervenants.<\/p>\n<p>Veuillez continuer de surveiller les sites Web <a href=\"https:\/\/mcc.ca\/fr\/\">mcc.ca<\/a> et <a href=\"https:\/\/inscriptionmed.ca\/\">inscriptionmed.ca<\/a> pour d\u2019autres mises \u00e0 jour.<\/p>\n<p>Nous vous remercions de votre patience et de votre compr\u00e9hension dans ces circonstances sans pr\u00e9c\u00e9dent.<\/p>\n","protected":false},"excerpt":{"rendered":"<p>Le Conseil m\u00e9dical du Canada (CMC) s\u2019est engag\u00e9 \u00e0 collaborer avec le gouvernement canadien et les autorit\u00e9s de la sant\u00e9 publique pour veiller \u00e0 ce que les pratiques exemplaires soient suivies afin d\u2019aider \u00e0 contenir la propagation de la COVID-19 et de prot\u00e9ger la sant\u00e9 et la s\u00e9curit\u00e9 de toutes les personnes au Canada. Le [&hellip;]<\/p>\n","protected":false},"featured_media":0,"parent":0,"menu_order":0,"template":"","format":"standard","news-category":[591],"news-tags":[],"class_list":["post-11857","news","type-news","status-publish","format-standard","hentry","news-category-services"],"acf":[],"aioseo_notices":[],"_links":{"self":[{"href":"https:\/\/mcc.ca\/fr\/wp-json\/wp\/v2\/news\/11857","targetHints":{"allow":["GET"]}}],"collection":[{"href":"https:\/\/mcc.ca\/fr\/wp-json\/wp\/v2\/news"}],"about":[{"href":"https:\/\/mcc.ca\/fr\/wp-json\/wp\/v2\/types\/news"}],"wp:attachment":[{"href":"https:\/\/mcc.ca\/fr\/wp-json\/wp\/v2\/media?parent=11857"}],"wp:term":[{"taxonomy":"news-category","embeddable":true,"href":"https:\/\/mcc.ca\/fr\/wp-json\/wp\/v2\/news-category?post=11857"},{"taxonomy":"news-tags","embeddable":true,"href":"https:\/\/mcc.ca\/fr\/wp-json\/wp\/v2\/news-tags?post=11857"}],"curies":[{"name":"wp","href":"https:\/\/api.w.org\/{rel}","templated":true}]}}