{"id":11848,"date":"2020-02-26T14:39:51","date_gmt":"2020-02-26T19:39:51","guid":{"rendered":"https:\/\/mcc2022.wpengine.com\/news\/fermeture-du-bureau-de-service-de-10-h-a-12-h-le-jeudi-27-fevrier-2020\/"},"modified":"2020-02-26T14:40:10","modified_gmt":"2020-02-26T19:40:10","slug":"fermeture-du-bureau-de-service-de-10-h-a-12-h-le-jeudi-27-fevrier-2020","status":"publish","type":"news","link":"https:\/\/mcc.ca\/fr\/nouvelles\/fermeture-du-bureau-de-service-de-10-h-a-12-h-le-jeudi-27-fevrier-2020\/","title":{"rendered":"Fermeture du bureau de service de 10 h \u00e0 12 h le jeudi 27 f\u00e9vrier\u00a02020"},"content":{"rendered":"<p>Veuillez noter que le personnel du bureau de service ne sera pas disponible pour r\u00e9pondre aux appels, aux clavardages, et aux courriels de 10 h \u00e0 12 h, heure de l&rsquo;Est (HE), le jeudi 27 f\u00e9vrier 2020.<\/p>\n<p>Nous aimerions vous remercier pour votre compr\u00e9hension \u00e0 ce sujet.<\/p>\n","protected":false},"excerpt":{"rendered":"<p>Veuillez noter que le personnel du bureau de service ne sera pas disponible pour r\u00e9pondre aux appels, aux clavardages, et aux courriels de 10 h \u00e0 12 h, heure de l&rsquo;Est (HE), le jeudi 27 f\u00e9vrier 2020. Nous aimerions vous remercier pour votre compr\u00e9hension \u00e0 ce sujet.<\/p>\n","protected":false},"featured_media":0,"parent":0,"menu_order":0,"template":"","format":"standard","news-category":[590,591],"news-tags":[],"class_list":["post-11848","news","type-news","status-publish","format-standard","hentry","news-category-mises-a-jour-operationnelles","news-category-services"],"acf":[],"aioseo_notices":[],"_links":{"self":[{"href":"https:\/\/mcc.ca\/fr\/wp-json\/wp\/v2\/news\/11848","targetHints":{"allow":["GET"]}}],"collection":[{"href":"https:\/\/mcc.ca\/fr\/wp-json\/wp\/v2\/news"}],"about":[{"href":"https:\/\/mcc.ca\/fr\/wp-json\/wp\/v2\/types\/news"}],"wp:attachment":[{"href":"https:\/\/mcc.ca\/fr\/wp-json\/wp\/v2\/media?parent=11848"}],"wp:term":[{"taxonomy":"news-category","embeddable":true,"href":"https:\/\/mcc.ca\/fr\/wp-json\/wp\/v2\/news-category?post=11848"},{"taxonomy":"news-tags","embeddable":true,"href":"https:\/\/mcc.ca\/fr\/wp-json\/wp\/v2\/news-tags?post=11848"}],"curies":[{"name":"wp","href":"https:\/\/api.w.org\/{rel}","templated":true}]}}