{"id":11733,"date":"2019-04-01T13:00:47","date_gmt":"2019-04-01T17:00:47","guid":{"rendered":"https:\/\/mcc2022.wpengine.com\/news\/lavancement-de-la-formation-medicale-au-canada\/"},"modified":"2019-04-01T13:00:41","modified_gmt":"2019-04-01T17:00:41","slug":"lavancement-de-la-formation-medicale-au-canada","status":"publish","type":"news","link":"https:\/\/mcc.ca\/fr\/nouvelles\/lavancement-de-la-formation-medicale-au-canada\/","title":{"rendered":"L\u2019avancement de la formation m\u00e9dicale au Canada"},"content":{"rendered":"<p><strong>Ottawa<\/strong>\u00a0\u2013 Les patients et les autres professionnels de la sant\u00e9 aiment savoir que les m\u00e9decins se tiennent au courant des enjeux susceptibles d\u2019avoir une incidence sur la sant\u00e9 et les traitements m\u00e9dicaux. Il est donc rassurant de savoir que ce th\u00e8me est au c\u0153ur d\u2019un projet d\u2019envergure intitul\u00e9 <em>L\u2019avenir de l\u2019\u00e9ducation m\u00e9dicale au Canada \u2013 volet du d\u00e9veloppement professionnel continu (AEMC-DPC)<\/em>, une collaboration regroupant sept organisations m\u00e9dicales canadiennes de premier plan. Un rapport sur la transition vers un nouveau syst\u00e8me national qui soutient l\u2019apprentissage des m\u00e9decins et l\u2019am\u00e9lioration continue de leur pratique est le fruit de cette collaboration\u00a0: <a href=\"https:\/\/afmc.ca\/fr\/projets-et-ressources\/lavenir-de-leducation-medicale-au-canada-aemc\" target=\"_blank\" rel=\"noopener noreferrer\">Appuyer l\u2019apprentissage et l\u2019am\u00e9lioration continue de la pratique des m\u00e9decins au Canada\u00a0: une nouvelle orientation<\/a>.<\/p>\n<p>Le rapport formule 11 recommandations portant sur le d\u00e9veloppement d\u2019un nouveau syst\u00e8me de DPC au Canada, selon quatre grands objectifs\u00a0:<\/p>\n<ol>\n<li>Am\u00e9liorer l\u2019exp\u00e9rience des patients en mati\u00e8re de soins de sant\u00e9;<\/li>\n<li>Am\u00e9liorer la sant\u00e9 de la population;<\/li>\n<li>Accro\u00eetre la valeur, la pertinence et la qualit\u00e9 des soins de sant\u00e9;<\/li>\n<li>Optimiser l\u2019\u00e9quilibre travail-vie des professionnels de la sant\u00e9.<\/li>\n<\/ol>\n<p>\u00ab\u00a0Nous sommes tr\u00e8s fiers des proc\u00e9d\u00e9s r\u00e9volutionnaires issus de cette collaboration, et nous remercions tous nos partenaires pour leurs efforts\u00a0\u00bb, affirme le D<sup>r<\/sup> Craig Campbell, copr\u00e9sident du projet de l\u2019AEMC-DPC et conseiller principal en d\u00e9veloppement professionnel continu fond\u00e9 sur les comp\u00e9tences au Coll\u00e8ge royal des m\u00e9decins et chirurgiens du Canada. \u00ab\u00a0Les recommandations formul\u00e9es dans le rapport visent \u00e0 s\u2019assurer que notre syst\u00e8me national de DPC contribue \u00e0 l\u2019\u00e9volution et \u00e0 l\u2019am\u00e9lioration continues de la pratique des m\u00e9decins tout au long de leur carri\u00e8re, et \u00e0 renforcer le r\u00f4le de nos syst\u00e8mes de soins de sant\u00e9 et des organismes prestataires de DPC de partout au pays. Nous devons transformer le syst\u00e8me de DPC actuel pour r\u00e9pondre aux besoins des patients et promouvoir une forme d\u2019apprentissage pertinente \u00e0 la pratique des m\u00e9decins puisque celle-ci continue d\u2019\u00e9voluer tout au long de leur carri\u00e8re.\u00a0\u00bb<\/p>\n<p>Le D<sup>r<\/sup> Jeff Sisler, copr\u00e9sident du projet de l\u2019AEMC-DPC et directeur g\u00e9n\u00e9ral, D\u00e9veloppement professionnel et Soutien \u00e0 la pratique au Coll\u00e8ge des m\u00e9decins de famille du Canada ajoute\u00a0: \u00ab\u00a0Le rapport du projet de l\u2019AEMC\u2011DPC est susceptible d\u2019int\u00e9resser tout le monde. Les m\u00e9decins constateront que le syst\u00e8me de DPC favorisera leur apprentissage et l\u2019am\u00e9lioration constante de leur pratique. Les fournisseurs de DPC d\u00e9couvriront une communaut\u00e9 de DPC int\u00e9gr\u00e9e et ax\u00e9e sur la collaboration, mieux outill\u00e9e pour r\u00e9pondre aux besoins changeants de la pratique. Enfin, les patients r\u00e9aliseront que des activit\u00e9s de DPC plus cibl\u00e9es permettront \u00e0 leur m\u00e9decin de mieux s\u2019adapter aux changements dans la pratique et \u00e0 mieux r\u00e9pondre \u00e0 leurs besoins et \u00e0 ceux de la collectivit\u00e9.\u00a0\u00bb<\/p>\n<p>Il faudra au moins deux autres ann\u00e9es pour mettre en \u0153uvre les recommandations du rapport, mais un plan d\u2019action est d\u00e9j\u00e0 pr\u00eat. Les prochaines \u00e9tapes consistent notamment \u00e0 pr\u00e9senter le rapport aux parties int\u00e9ress\u00e9es, \u00e0 \u00e9tablir des r\u00e9seaux de responsables, \u00e0 cr\u00e9er des programmes de certification, \u00e0 \u00e9laborer une base de donn\u00e9es nationale sur le DPC et \u00e0 communiquer avec les gouvernements de tous les paliers pour assurer le financement et le soutien du projet.<\/p>\n<p>\u00a0<\/p>\n<p><strong>Partenaires du projet de l\u2019AEMC-DPC\u00a0:<br \/>\n<\/strong><a href=\"https:\/\/afmc.ca\/\" target=\"_blank\" rel=\"noopener noreferrer\">Association des facult\u00e9s de m\u00e9decine du Canada (AFMC)<\/a><br \/>\n<a href=\"https:\/\/www.cma.ca\/\" target=\"_blank\" rel=\"noopener noreferrer\">Association m\u00e9dicale canadienne (AMC)<\/a><br \/>\n<a href=\"https:\/\/www.cmpa-acpm.ca\/en\/home\" target=\"_blank\" rel=\"noopener noreferrer\">Association canadienne de protection m\u00e9dicale (ACPM)<\/a><br \/>\n<a href=\"http:\/\/www.cfpc.ca\/\" target=\"_blank\" rel=\"noopener noreferrer\">Coll\u00e8ge des m\u00e9decins de famille du Canada (CMFC)<\/a><br \/>\n<a href=\"https:\/\/fmrac.ca\/\" target=\"_blank\" rel=\"noopener noreferrer\">F\u00e9d\u00e9ration des ordres des m\u00e9decins du Canada (FOMC)<\/a><br \/>\n<a href=\"https:\/\/mcc.ca\/\" target=\"_blank\" rel=\"noopener noreferrer\">Conseil m\u00e9dical du Canada (CMC)<\/a><br \/>\n<a href=\"http:\/\/www.royalcollege.ca\" target=\"_blank\" rel=\"noopener noreferrer\">Coll\u00e8ge royal des m\u00e9decins et chirurgiens du Canada (Coll\u00e8ge royal)<\/a><\/p>\n<p>Pour obtenir plus d\u2019information au sujet du projet de l\u2019AEMC-DPC\u00a0: <a href=\"https:\/\/afmc.ca\/fr\/projets-et-ressources\/lavenir-de-leducation-medicale-au-canada-aemc\" target=\"_blank\" rel=\"noopener noreferrer\">www.fmec-cpd.ca\/fr<\/a><\/p>\n<p>\u00a0<\/p>\n<p style=\"text-align: center;\">-30-<\/p>\n<p><strong>Personne-ressource :<br \/>\n<\/strong>Fran Kirby, charg\u00e9e de projets, CMFC<br \/>\nResponsable du projet de l\u2019AEMC-DPC<br \/>\n<a href=\"mailto:fkirby@cfpc.ca\">fkirby@cfpc.ca<\/a><br \/>\n709-746-7022<\/p>\n<p>\u00a0<\/p>\n<p><strong>Relations avec les m\u00e9dias\u00a0:<br \/>\n<\/strong>AFMC :<br \/>\nAnnie Barette<br \/>\nGestionnaire, M\u00e9dias et Relations gouvernementales<br \/>\n<a href=\"mailto:abarrette@afmc.ca\">abarrette@afmc.ca<\/a><br \/>\n613-730-0443<\/p>\n<p>AMC :<br \/>\nAnick Losier<strong><br \/>\n<\/strong>Directrice, m\u00e9dias et gestion des enjeux<br \/>\n<a href=\"mailto:Anick.losier@cma.ca\">anick.losier@cma.ca<\/a><br \/>\n613-807-0457<\/p>\n<p>ACPM :<br \/>\nDima Hanhan<br \/>\nConseill\u00e8re en relations publiques, Relations avec les m\u00e9dias<br \/>\n<a href=\"mailto:dhanhan@cmpa.org\">dhanhan@cmpa.org<\/a><br \/>\n613-316-7513<\/p>\n<p>CMFC :<br \/>\nJayne Johnston<br \/>\nDirectrice, Communications<br \/>\n<a href=\"mailto:jjn@cfpc.ca\">jjn@cfpc.ca<\/a><br \/>\n905-629-0900, poste\u00a0303 \/ 905-407-9140<\/p>\n<p>FOMC :<br \/>\nFleur-Ange Lefebvre<br \/>\nDirectrice g\u00e9n\u00e9rale et chef de la direction<br \/>\n<a href=\"mailto:falefebvre@fmrac.ca\">falefebvre@fmrac.ca<\/a><br \/>\n613-738-0372, poste 2602<\/p>\n<p>CMC :<br \/>\nKathryn Keyes<br \/>\nDirectrice, Communications et Marketing<br \/>\n<a href=\"mailto:kkeyes@mcc.ca\" target=\"_blank\" rel=\"noopener noreferrer\">kkeyes@mcc.ca<\/a><br \/>\n613-521-6012, poste 2277<\/p>\n<p>Coll\u00e8ge royal\u00a0:<br \/>\nChristina Baird<br \/>\nSp\u00e9cialiste principale, Communications<br \/>\n<a href=\"mailto:cbaird@royalcollege.ca\">cbaird@royalcollege.ca<\/a><br \/>\n613-730-8177, poste 342<\/p>\n","protected":false},"excerpt":{"rendered":"<p>Ottawa\u00a0\u2013 Les patients et les autres professionnels de la sant\u00e9 aiment savoir que les m\u00e9decins se tiennent au courant des enjeux susceptibles d\u2019avoir une incidence sur la sant\u00e9 et les traitements m\u00e9dicaux. Il est donc rassurant de savoir que ce th\u00e8me est au c\u0153ur d\u2019un projet d\u2019envergure intitul\u00e9 L\u2019avenir de l\u2019\u00e9ducation m\u00e9dicale au Canada \u2013 [&hellip;]<\/p>\n","protected":false},"featured_media":11734,"parent":0,"menu_order":0,"template":"","format":"standard","news-category":[593,592],"news-tags":[485],"class_list":["post-11733","news","type-news","status-publish","format-standard","has-post-thumbnail","hentry","news-category-annonces","news-category-mises-a-jour-generales","news-tags-communique-de-presse"],"acf":[],"aioseo_notices":[],"_links":{"self":[{"href":"https:\/\/mcc.ca\/fr\/wp-json\/wp\/v2\/news\/11733","targetHints":{"allow":["GET"]}}],"collection":[{"href":"https:\/\/mcc.ca\/fr\/wp-json\/wp\/v2\/news"}],"about":[{"href":"https:\/\/mcc.ca\/fr\/wp-json\/wp\/v2\/types\/news"}],"wp:featuredmedia":[{"embeddable":true,"href":"https:\/\/mcc.ca\/fr\/wp-json\/wp\/v2\/media\/11734"}],"wp:attachment":[{"href":"https:\/\/mcc.ca\/fr\/wp-json\/wp\/v2\/media?parent=11733"}],"wp:term":[{"taxonomy":"news-category","embeddable":true,"href":"https:\/\/mcc.ca\/fr\/wp-json\/wp\/v2\/news-category?post=11733"},{"taxonomy":"news-tags","embeddable":true,"href":"https:\/\/mcc.ca\/fr\/wp-json\/wp\/v2\/news-tags?post=11733"}],"curies":[{"name":"wp","href":"https:\/\/api.w.org\/{rel}","templated":true}]}}