{"id":11649,"date":"2018-09-25T16:39:02","date_gmt":"2018-09-25T20:39:02","guid":{"rendered":"https:\/\/mcc2022.wpengine.com\/news\/transformation-grace-au-partenariat\/"},"modified":"2024-01-18T13:43:13","modified_gmt":"2024-01-18T18:43:13","slug":"transformation-grace-au-partenariat","status":"publish","type":"news","link":"https:\/\/mcc.ca\/fr\/nouvelles\/transformation-grace-au-partenariat\/","title":{"rendered":"Transformation gr\u00e2ce au partenariat"},"content":{"rendered":"<h4>Le CMC est un chef de file unique en m\u00e9decine aujourd&rsquo;hui, mais qu&rsquo;il ne peut y arriver seul<\/h4>\n<p>Lorsque le D<sup>r<\/sup> Jay Rosenfield parle de ce qui se passe aujourd\u2019hui dans le domaine de l\u2019\u00e9ducation m\u00e9dicale et de l\u2019\u00e9valuation des apprenants, il met l\u2019accent sur deux mots :\u00a0\u00ab\u00a0transformation\u00a0\u00bb et \u00ab\u00a0partenariat\u00a0\u00bb. Alors qu\u2019il prend la direction du Conseil M\u00e9dical du Canada (CMC), un des th\u00e8mes de sa pr\u00e9sidence sera le travail en collaboration avec d\u2019autres organisations pour l\u2019\u00e9laboration des meilleurs cadres d\u2019\u00e9valuation des m\u00e9decins. Il affirme que le Conseil du CMC est unique du fait qu\u2019il r\u00e9unit des universit\u00e9s, des organismes de r\u00e9glementation, des \u00e9tudiants et r\u00e9sidents en m\u00e9decine, ainsi que le public. Il doit aussi communiquer avec d\u2019autres organismes canadiens de formation en m\u00e9decine, comme le Coll\u00e8ge des m\u00e9decins de famille du Canada, le Coll\u00e8ge royal des m\u00e9decins et chirurgiens du Canada, l\u2019Association des facult\u00e9s de m\u00e9decine du Canada, ainsi que d\u2019autres organismes semblables de formation et d\u2019\u00e9valuation des professions de la sant\u00e9 \u00e0 l\u2019\u00e9chelle nationale et internationale.<\/p>\n<p>Il s\u2019inqui\u00e8te du fait qu\u2019il y a \u00ab\u00a0trop de silos autour de l\u2019\u00e9ducation m\u00e9dicale au Canada. Nous n\u2019avons pas vraiment de partenariat int\u00e9gr\u00e9 pour l\u2019\u00e9valuation et le maintien des comp\u00e9tences.\u00a0\u00bb<\/p>\n<p>Les partenariats entre professionnels sont \u00e9galement essentiels, ajoute-t-il, car la m\u00e9decine fonctionne trop souvent en vase clos. Et, parmi les partenariats qu\u2019il a mentionn\u00e9s, il a h\u00e2te de collaborer avec la nouvelle directrice g\u00e9n\u00e9rale, la D<sup>re<\/sup> Maureen Topps.<\/p>\n<h4>Adopter une vue d&rsquo;ensemble<\/h4>\n<p>Le D<sup>r<\/sup> Rosenfield r\u00e9v\u00e8le sa passion pour l\u2019\u00e9laboration de syst\u00e8mes int\u00e9gr\u00e9s. Lorsqu\u2019il a ouvert sa pratique de p\u00e9diatrie d\u00e9veloppementale et qu\u2019il a vu des listes d\u2019attente allant jusqu\u2019\u00e0 deux ans, il a vite compris l\u2019importance de l\u2019int\u00e9gration des soins individuels aux patients prodigu\u00e9s par des m\u00e9decins aux services communautaires pour les familles et les enfants.<\/p>\n<p>Une ma\u00eetrise en \u00e9ducation l\u2019a aid\u00e9 \u00e0 int\u00e9grer la m\u00e9decine et l\u2019\u00e9ducation, \u00e0 titre de vice-doyen du programme de m\u00e9decine \u00e0 la University of Toronto et, depuis 2017, \u00e0 titre de vice-doyen de l\u2019\u00e9ducation m\u00e9dicale \u00e0 Western University, une facult\u00e9 qui s\u2019int\u00e9resse aux interventions au niveau des syst\u00e8mes. Il a particip\u00e9 \u00e0 deux projets sous la banni\u00e8re de l\u2019Avenir de l\u2019\u00e9ducation m\u00e9dicale au Canada, en codirigeant le projet en m\u00e9decine et en d\u00e9veloppant une int\u00e9gration efficace sur tout le continuum de l\u2019\u00e9ducation m\u00e9dicale menant \u00e0 la r\u00e9sidence et \u00e0 la pratique au niveau postdoctoral.<\/p>\n<p>Le D<sup>r<\/sup> Rosenfield est membre actif du CMC depuis 2004 et si\u00e8ge \u00e0 des comit\u00e9s sur les appels, la l\u00e9gislation et la recherche et le d\u00e9veloppement. Il \u00e9tait derni\u00e8rement vice-pr\u00e9sident du CMC. Il poss\u00e8de \u00e9galement de l\u2019exp\u00e9rience dans le domaine de la r\u00e9glementation, ayant \u00e9t\u00e9 membre du comit\u00e9 d\u2019inscription du College of Physicians and Surgeons of Ontario et \u00e9valuateur des pairs.<\/p>\n<p>Cette exp\u00e9rience a donn\u00e9 au Dr. Rosenfield une vue d\u2019ensemble de l\u2019\u00e9ducation m\u00e9dicale et de la pratique. Il est convaincu que les comp\u00e9tences des m\u00e9decins devraient \u00eatre d\u00e9velopp\u00e9es, \u00e9valu\u00e9es et maintenues \u00ab\u00a0sur tout le continuum de l\u2019\u00e9ducation m\u00e9dicale et dans la pratique\u00a0\u00bb.<\/p>\n<p>Le D<sup>r<\/sup> Rosenfield \u00e9vite les points de vue fixes et pr\u00e9f\u00e8re poser des questions exploratoires sur le r\u00f4le du CMC et l\u2019avenir de l\u2019\u00e9valuation des m\u00e9decins. \u00ab\u00a0Quelles sont les comp\u00e9tences g\u00e9n\u00e9riques dont tous les m\u00e9decins ont besoin et comment devraient-elles \u00eatre \u00e9valu\u00e9es?\u00a0\u00bb, est l\u2019une des questions sur lesquelles se concentre le nouveau pr\u00e9sident du CMC. Il s\u2019interroge sur la n\u00e9cessit\u00e9 de l\u2019\u00e9valuation d\u2019autres comp\u00e9tences propres \u00e0 des sp\u00e9cialit\u00e9s en partenariat avec d\u2019autres organisations.<\/p>\n<p>\u00c0 l\u2019\u00e8re des \u00ab\u00a0m\u00e9gadonn\u00e9es\u00a0\u00bb, les donn\u00e9es du CMC pourraient aider \u00e0 indiquer de nouvelles voies. Le D<sup>r<\/sup> Rosenfield s\u2019int\u00e9resse aux efforts d\u00e9ploy\u00e9s par le CMC pour analyser les donn\u00e9es d\u2019examen afin de d\u00e9terminer si les examens permettent de pr\u00e9dire la comp\u00e9tence des m\u00e9decins dans la pratique et si une intervention pr\u00e9coce pourrait pr\u00e9venir de futures plaintes au sujet des m\u00e9decins. Il mentionne que le CMC pourrait envisager d\u2019utiliser ses donn\u00e9es pour fournir une r\u00e9troaction plus d\u00e9taill\u00e9e aux apprenants.<\/p>\n<h4>Int\u00e9gration travail-famille<\/h4>\n<p>\u00ab Ma famille et mes enfants sont tout aussi importants que ma profession dans ma vie \u00bb, dit le D<sup>r<\/sup> Rosenfield. Tous les enfants du D<sup>r<\/sup> Rosenfield sont maintenant des professionnels, et l\u2019un d\u2019eux perp\u00e9tue la tradition de la p\u00e9diatrie pour une quatri\u00e8me g\u00e9n\u00e9ration. Le D<sup>r<\/sup> Rosenfield est r\u00e9cemment devenu grand-p\u00e8re \u00e0 deux reprises.<\/p>\n<p>La musique est une passion familiale, avec D<sup>r<\/sup> Rosenfield jouant du piano et sa femme, le hautbois. L\u2019un de ses fils l\u2019a r\u00e9cemment accompagn\u00e9 dans un voyage intitul\u00e9 \u00ab\u00a0Bach by Bike\u00a0\u00bb, en visitant les sites de la vie de Bach en Allemagne et en \u00e9coutant des repr\u00e9sentations de la musique du compositeur. \u00ab\u00a0C\u2019\u00e9tait un moment marquant de ma vie\u00a0\u00bb, mentionne le D<sup>r<\/sup> Rosenfield.<\/p>\n","protected":false},"excerpt":{"rendered":"<p>Le CMC est un chef de file unique en m\u00e9decine aujourd&rsquo;hui, mais qu&rsquo;il ne peut y arriver seul Lorsque le Dr Jay Rosenfield parle de ce qui se passe aujourd\u2019hui dans le domaine de l\u2019\u00e9ducation m\u00e9dicale et de l\u2019\u00e9valuation des apprenants, il met l\u2019accent sur deux mots :\u00a0\u00ab\u00a0transformation\u00a0\u00bb et \u00ab\u00a0partenariat\u00a0\u00bb. Alors qu\u2019il prend la direction [&hellip;]<\/p>\n","protected":false},"featured_media":0,"parent":0,"menu_order":0,"template":"","format":"standard","news-category":[],"news-tags":[444,487],"class_list":["post-11649","news","type-news","status-publish","format-standard","hentry","news-tags-dr-jay-rosenfield","news-tags-profil"],"acf":[],"aioseo_notices":[],"_links":{"self":[{"href":"https:\/\/mcc.ca\/fr\/wp-json\/wp\/v2\/news\/11649","targetHints":{"allow":["GET"]}}],"collection":[{"href":"https:\/\/mcc.ca\/fr\/wp-json\/wp\/v2\/news"}],"about":[{"href":"https:\/\/mcc.ca\/fr\/wp-json\/wp\/v2\/types\/news"}],"wp:attachment":[{"href":"https:\/\/mcc.ca\/fr\/wp-json\/wp\/v2\/media?parent=11649"}],"wp:term":[{"taxonomy":"news-category","embeddable":true,"href":"https:\/\/mcc.ca\/fr\/wp-json\/wp\/v2\/news-category?post=11649"},{"taxonomy":"news-tags","embeddable":true,"href":"https:\/\/mcc.ca\/fr\/wp-json\/wp\/v2\/news-tags?post=11649"}],"curies":[{"name":"wp","href":"https:\/\/api.w.org\/{rel}","templated":true}]}}