{"id":11642,"date":"2018-08-23T15:06:54","date_gmt":"2018-08-23T19:06:54","guid":{"rendered":"https:\/\/mcc2022.wpengine.com\/news\/la-106e-assemblee-annuelle-du-cmc-est-a-nos-portes\/"},"modified":"2018-08-23T15:06:54","modified_gmt":"2018-08-23T19:06:54","slug":"la-106e-assemblee-annuelle-du-cmc-est-a-nos-portes","status":"publish","type":"news","link":"https:\/\/mcc.ca\/fr\/nouvelles\/la-106e-assemblee-annuelle-du-cmc-est-a-nos-portes\/","title":{"rendered":"La 106e Assembl\u00e9e annuelle du CMC est \u00e0 nos portes!"},"content":{"rendered":"<p>L\u2019Assembl\u00e9e annuelle 2018 intitul\u00e9e \u00ab Changement de cap\u00a0: m\u00e9decine 2033 \u00bb, aura lieu du 23 au 25 septembre 2018 au Westin Ottawa.<\/p>\n<p>L\u2019Assembl\u00e9e annuelle est une occasion pour les m\u00e9decins, les \u00e9ducateurs dans le domaine m\u00e9dical, les ordres des m\u00e9decins et les apprenants de se rassembler et examiner la situation actuelle afin d\u2019harmoniser les activit\u00e9s et l\u2019avenir strat\u00e9gique future.<\/p>\n<p>Veuillez consulter notre\u00a0<a href=\"http:\/\/mcc.ca\/fr\/nouvelles-et-evenements\/programme-de-lassemblee-annuelle-de-2018\/\">programme<\/a>\u00a0pour un aper\u00e7u de tous les ordres du jour, une introduction des th\u00e8mes qui seront abord\u00e9s, et les profils des conf\u00e9renciers invit\u00e9s et plus.<\/p>\n<p>Nous sommes ravis de vous tenir au courant de l\u2019Assembl\u00e9e annuelle au moyen des voies suivantes :<\/p>\n<ul>\n<li>Twitter \u2013\u00a0<a href=\"https:\/\/twitter.com\/ConseilMedCan\" target=\"_blank\" rel=\"noopener\">@ConseilMedCan<\/a>\u00a0#aaCMC<\/li>\n<li><a href=\"https:\/\/www.facebook.com\/ConseilMedicalDuCanada\" target=\"_blank\" rel=\"noopener\">Facebook<\/a><\/li>\n<\/ul>\n<p>Suivez-nous et n\u2019oubliez pas de participer \u00e0 la conversation en utilisant le mot clic suivant\u00a0: #aaCMC.<\/p>\n","protected":false},"excerpt":{"rendered":"<p>L\u2019Assembl\u00e9e annuelle 2018 intitul\u00e9e \u00ab Changement de cap\u00a0: m\u00e9decine 2033 \u00bb, aura lieu du 23 au 25 septembre 2018 au Westin Ottawa. L\u2019Assembl\u00e9e annuelle est une occasion pour les m\u00e9decins, les \u00e9ducateurs dans le domaine m\u00e9dical, les ordres des m\u00e9decins et les apprenants de se rassembler et examiner la situation actuelle afin d\u2019harmoniser les activit\u00e9s [&hellip;]<\/p>\n","protected":false},"featured_media":8336,"parent":0,"menu_order":0,"template":"","format":"standard","news-category":[594,592],"news-tags":[454,484],"class_list":["post-11642","news","type-news","status-publish","format-standard","has-post-thumbnail","hentry","news-category-evenements","news-category-mises-a-jour-generales","news-tags-assemblee-annuelle","news-tags-evenement"],"acf":[],"aioseo_notices":[],"_links":{"self":[{"href":"https:\/\/mcc.ca\/fr\/wp-json\/wp\/v2\/news\/11642","targetHints":{"allow":["GET"]}}],"collection":[{"href":"https:\/\/mcc.ca\/fr\/wp-json\/wp\/v2\/news"}],"about":[{"href":"https:\/\/mcc.ca\/fr\/wp-json\/wp\/v2\/types\/news"}],"wp:featuredmedia":[{"embeddable":true,"href":"https:\/\/mcc.ca\/fr\/wp-json\/wp\/v2\/media\/8336"}],"wp:attachment":[{"href":"https:\/\/mcc.ca\/fr\/wp-json\/wp\/v2\/media?parent=11642"}],"wp:term":[{"taxonomy":"news-category","embeddable":true,"href":"https:\/\/mcc.ca\/fr\/wp-json\/wp\/v2\/news-category?post=11642"},{"taxonomy":"news-tags","embeddable":true,"href":"https:\/\/mcc.ca\/fr\/wp-json\/wp\/v2\/news-tags?post=11642"}],"curies":[{"name":"wp","href":"https:\/\/api.w.org\/{rel}","templated":true}]}}