{"id":11624,"date":"2018-07-10T08:00:00","date_gmt":"2018-07-10T12:00:00","guid":{"rendered":"https:\/\/mcc2022.wpengine.com\/news\/le-conseil-medical-du-canada-annonce-la-nomination-de-la-nouvelle-directrice-generale-et-chef-de-la-direction-la-dre-maureen-topps\/"},"modified":"2024-01-18T14:37:04","modified_gmt":"2024-01-18T19:37:04","slug":"le-conseil-medical-du-canada-annonce-la-nomination-de-la-nouvelle-directrice-generale-et-chef-de-la-direction-la-dre-maureen-topps","status":"publish","type":"news","link":"https:\/\/mcc.ca\/fr\/nouvelles\/le-conseil-medical-du-canada-annonce-la-nomination-de-la-nouvelle-directrice-generale-et-chef-de-la-direction-la-dre-maureen-topps\/","title":{"rendered":"Le Conseil m\u00e9dical du Canada annonce la nomination de la nouvelle directrice g\u00e9n\u00e9rale et chef de la direction, la D<sup>re<\/sup>\u00a0Maureen Topps"},"content":{"rendered":"<p>Pour diffusion imm\u00e9diate<\/p>\n<p><span style=\"color: #000000;\"><span lang=\"EN-CA\">Ottawa \u2013 Le Conseil m\u00e9dical du Canada\u00a0(CMC) est heureux d\u2019annoncer la nomination de la D<sup>re<\/sup>\u00a0Maureen\u00a0Topps \u00e0 titre de nouvelle directrice g\u00e9n\u00e9rale et chef de la direction. La D<sup>re<\/sup>\u00a0Topps se joindra au\u00a0CMC le 1<sup>er<\/sup>\u00a0octobre\u00a02018.\u00a0<\/span><\/span><\/p>\n<p>La D<sup>re<\/sup>\u00a0Topps, qui a \u00e9t\u00e9 pr\u00e9sidente du Comit\u00e9 central de coordination de la Collaboration nationale en mati\u00e8re d\u2019\u00e9valuation du\u00a0CMC\u00a0(C<sup>3<\/sup>CNE) et membre du Conseil de 2009 \u00e0 2011, succ\u00e9dera au D<sup>r<\/sup>\u00a0Ian\u00a0Bowmer, qui quitte l\u2019organisation pour prendre sa retraite.<\/p>\n<p>\u00ab\u00a0Je suis ravie d\u2019accueillir officiellement la D<sup>re<\/sup>\u00a0Topps au sein de notre organisation, a d\u00e9clar\u00e9 la D<sup>re<\/sup>\u00a0Karen\u00a0Shaw, pr\u00e9sidente du\u00a0CMC. En tant que dipl\u00f4m\u00e9e internationale en m\u00e9decine, la D<sup>re<\/sup>\u00a0Topps apporte un point de vue unique en se joignant au syst\u00e8me de sant\u00e9 canadien et en ayant mis en place une pratique m\u00e9dicale en milieu rural. Elle poss\u00e8de une exp\u00e9rience inestimable gr\u00e2ce \u00e0 sa vaste participation \u00e0 la m\u00e9decine universitaire et \u00e0 la formation m\u00e9dicale postdoctorale.\u00a0\u00bb<\/p>\n<p>La D<sup>re<\/sup>\u00a0Topps a re\u00e7u son dipl\u00f4me en m\u00e9decine \u00e0 la Aberdeen University en \u00c9cosse. Apr\u00e8s avoir consacr\u00e9 pr\u00e8s de dix\u00a0ans \u00e0 la pratique de la m\u00e9decine en milieu rural, elle a \u00e9t\u00e9 nomm\u00e9e directrice du programme de m\u00e9decine familiale \u00e0 la University of Calgary. La D<sup>re<\/sup>\u00a0Topps a ensuite \u00e9t\u00e9 nomm\u00e9e vice-doyenne aux \u00e9tudes m\u00e9dicales postdoctorales \u00e0 l\u2019\u00c9cole de m\u00e9decine du Nord de l\u2019Ontario en 2005.<\/p>\n<p>En 2011, la D<sup>re<\/sup>\u00a0Topps a \u00e9t\u00e9 directrice ex\u00e9cutive de l\u2019International Medical Graduate Program du gouvernement de l\u2019Alberta. Elle a par la suite \u00e9t\u00e9 nomm\u00e9e vice-doyenne aux \u00e9tudes m\u00e9dicales postdoctorales \u00e0 la Cumming School of Medicine et, plus r\u00e9cemment, vice-doyenne principale \u00e0 l\u2019enseignement.<\/p>\n<p>La D<sup>re<\/sup>\u00a0Topps a beaucoup travaill\u00e9 avec des organisations nationales d\u2019intervenants. Elle a \u00e9t\u00e9 membre du Comit\u00e9 sur l\u2019\u00e9ducation postdoctorale du Coll\u00e8ge des m\u00e9decins de famille du Canada et vice-pr\u00e9sidente du Comit\u00e9 d\u2019agr\u00e9ment des programmes de r\u00e9sidence ainsi que pr\u00e9sidente du Comit\u00e9 d\u2019examen des programmes de r\u00e9sidence internationaux du Coll\u00e8ge royal.<\/p>\n<p style=\"padding-left: 40px;\"><img decoding=\"async\" class=\"wp-image-13084 alignleft\" src=\"https:\/\/mcc.ca\/wp-content\/uploads\/Quotes-Dk-aqua.png\" alt=\"Decorative quote\" width=\"98\" height=\"91\" \/><\/p>\n<p style=\"padding-left: 40px;\"><em><span style=\"color: #808080;\">En tant que m\u00e9decin de famille, ayant \u00e9t\u00e9 impliqu\u00e9e dans le domaine de l\u2019\u00e9ducation d\u00e8s les premiers jours de ma carri\u00e8re, je suis enthousiaste \u00e0 l\u2019id\u00e9e de participer plus \u00e9troitement \u00e0 l\u2019\u00e9laboration de l\u2019\u00e9valuation des m\u00e9decins au Canada. Je suis tr\u00e8s impatiente de travailler avec l\u2019\u00e9quipe du\u00a0CMC pour faire progresser l\u2019innovation au chapitre de l\u2019\u00e9valuation m\u00e9dicale.\u00a0\u00bb<\/span><\/em><\/p>\n<p style=\"padding-left: 40px;\"><strong><span style=\"color: #456e96;\"><span style=\"color: #000000;\">D<sup>re<\/sup>\u00a0 Maureen Topps,<br \/>\n<\/span><span style=\"color: #000000;\">Nouvelle directrice g\u00e9n\u00e9rale et chef de la direction du CMC<\/span><\/span><\/strong><\/p>\n<p>Le\u00a0CMC veille \u00e0 offrir aux Canadiens les meilleurs soins m\u00e9dicaux qui soient gr\u00e2ce \u00e0 l\u2019excellence de l\u2019\u00e9valuation des m\u00e9decins. Il \u00e9value chaque ann\u00e9e au Canada et \u00e0 l\u2019\u00e9chelle internationale plus de 11\u00a0000 \u00e9tudiants et dipl\u00f4m\u00e9s en m\u00e9decine gr\u00e2ce \u00e0 ses examens. Le CMC est aussi un chef de file en mati\u00e8re de v\u00e9rification et de stockage des titres de comp\u00e9tences des m\u00e9decins, il tient \u00e0 jour le Registre m\u00e9dical canadien et il appuie la recherche et le d\u00e9veloppement dans le domaine de l\u2019\u00e9valuation des m\u00e9decins pour s\u2019assurer de demeurer \u00e0 l\u2019avant-garde.<\/p>\n<p style=\"text-align: center;\"><strong> <span style=\"display: inline !important; float: none; background-color: transparent; color: #333333; cursor: text; font-family: Georgia,'Times New Roman','Bitstream Charter',Times,serif; font-size: 16px; font-style: normal; font-variant: normal; font-weight: 400; letter-spacing: normal; orphans: 2; text-align: left; text-decoration: none; text-indent: 0px; text-transform: none; -webkit-text-stroke-width: 0px; white-space: normal; word-spacing: 0px;\">-30-<\/span><\/strong><\/p>\n<p><strong>Pour de plus amples renseignements<\/strong> :<br \/>\nLe Conseil m\u00e9dical du Canada<br \/>\nmedia@mcc.ca<\/p>\n","protected":false},"excerpt":{"rendered":"<p>Pour diffusion imm\u00e9diate Ottawa \u2013 Le Conseil m\u00e9dical du Canada\u00a0(CMC) est heureux d\u2019annoncer la nomination de la Dre\u00a0Maureen\u00a0Topps \u00e0 titre de nouvelle directrice g\u00e9n\u00e9rale et chef de la direction. La Dre\u00a0Topps se joindra au\u00a0CMC le 1er\u00a0octobre\u00a02018.\u00a0 La Dre\u00a0Topps, qui a \u00e9t\u00e9 pr\u00e9sidente du Comit\u00e9 central de coordination de la Collaboration nationale en mati\u00e8re d\u2019\u00e9valuation du\u00a0CMC\u00a0(C3CNE) [&hellip;]<\/p>\n","protected":false},"featured_media":0,"parent":0,"menu_order":0,"template":"","format":"standard","news-category":[593],"news-tags":[485,483,487],"class_list":["post-11624","news","type-news","status-publish","format-standard","hentry","news-category-annonces","news-tags-communique-de-presse","news-tags-dre-maureen-topps","news-tags-profil"],"acf":[],"aioseo_notices":[],"_links":{"self":[{"href":"https:\/\/mcc.ca\/fr\/wp-json\/wp\/v2\/news\/11624","targetHints":{"allow":["GET"]}}],"collection":[{"href":"https:\/\/mcc.ca\/fr\/wp-json\/wp\/v2\/news"}],"about":[{"href":"https:\/\/mcc.ca\/fr\/wp-json\/wp\/v2\/types\/news"}],"wp:attachment":[{"href":"https:\/\/mcc.ca\/fr\/wp-json\/wp\/v2\/media?parent=11624"}],"wp:term":[{"taxonomy":"news-category","embeddable":true,"href":"https:\/\/mcc.ca\/fr\/wp-json\/wp\/v2\/news-category?post=11624"},{"taxonomy":"news-tags","embeddable":true,"href":"https:\/\/mcc.ca\/fr\/wp-json\/wp\/v2\/news-tags?post=11624"}],"curies":[{"name":"wp","href":"https:\/\/api.w.org\/{rel}","templated":true}]}}