{"id":11592,"date":"2018-04-23T18:59:22","date_gmt":"2018-04-23T22:59:22","guid":{"rendered":"https:\/\/mcc2022.wpengine.com\/news\/conference-canadienne-sur-leducation-medicale\/"},"modified":"2023-11-17T13:53:25","modified_gmt":"2023-11-17T18:53:25","slug":"conference-canadienne-sur-leducation-medicale","status":"publish","type":"news","link":"https:\/\/mcc.ca\/fr\/nouvelles\/conference-canadienne-sur-leducation-medicale\/","title":{"rendered":"Conf\u00e9rence canadienne sur l\u2019\u00e9ducation m\u00e9dicale"},"content":{"rendered":"<p><img decoding=\"async\" class=\"alignright\" style=\"margin: 20 px 20px 20 px 20px;\" src=\"https:\/\/mcc2022.wpengine.com\/wp-content\/uploads\/CCME-logo.png\" width=\"188\" height=\"244\" \/>Le Conseil m\u00e9dical du Canada est fier de participer \u00e0 la\u00a0Conf\u00e9rence canadienne sur l\u2019\u00e9ducation m\u00e9dicale (CCEM) qui aura lieu du 28 avril au 1<sup>er\u00a0<\/sup>mai 2018 \u00e0 Halifax.<\/p>\n<p>Le lundi 30 avril 2018, nous vous invitons \u00e0 participer \u00e0 notre s\u00e9ance administrative intitul\u00e9e :\u00a0<strong><em>Embracing exam changes through Assessment Evolution <\/em><\/strong>qui aura lieu de 8\u00a0h 30 \u00e0 10\u00a0h au Centre des congr\u00e8s d\u2019Halifax dans la salle de bal 506\/507. Au cours de cette s\u00e9ance, vous serez en mesure :<\/p>\n<ul>\n<li>d\u2019en apprendre davantage au sujet des modifications \u00e0 venir au programme d\u2019examen du CMC, fond\u00e9es sur le nouveau Plan directeur.<\/li>\n<li>de vous renseigner sur les nouvelles ressources disponibles pour nos candidats qui pr\u00e9voient passer ces examens.<\/li>\n<li>de d\u00e9couvrir comment interpr\u00e9ter les nouveaux r\u00e9sultats et d\u2019obtenir un aper\u00e7u des nouveaux rapports de r\u00e9sultats.<\/li>\n<\/ul>\n<p><strong>Conf\u00e9renciers :<br \/>\n<\/strong>D<sup>r<\/sup> Ian Bowmer, Directeur g\u00e9n\u00e9ral du CMC<br \/>\nM. Yves Lafortune, Directeur du Bureau d\u2019\u00e9valuation, CMC<br \/>\nM<sup>me<\/sup>\u00a0Liane Patsula, Directrice associ\u00e9e de Psychom\u00e9trie et services docimologiques, CMC<\/p>\n<p>Veuillez noter que la s\u00e9ance sera offerte en anglais seulement. Voici \u00e9galement une\u00a0<a href=\"https:\/\/mcc.ca\/fr\/nouvelles-et-evenements\/activites-ccem-2018\/\" target=\"_blank\" rel=\"noopener noreferrer\" shape=\"rect\">liste compl\u00e8te des activit\u00e9s du CMC<\/a>\u00a0qui auront lieu lors de la Conf\u00e9rence.<\/p>\n<p>Venez nous rendre visite \u00e0 notre kiosque corporatif no. 7!<\/p>\n<p>\u00a0<\/p>\n","protected":false},"excerpt":{"rendered":"<p>Le Conseil m\u00e9dical du Canada est fier de participer \u00e0 la\u00a0Conf\u00e9rence canadienne sur l\u2019\u00e9ducation m\u00e9dicale (CCEM) qui aura lieu du 28 avril au 1er\u00a0mai 2018 \u00e0 Halifax. Le lundi 30 avril 2018, nous vous invitons \u00e0 participer \u00e0 notre s\u00e9ance administrative intitul\u00e9e :\u00a0Embracing exam changes through Assessment Evolution qui aura lieu de 8\u00a0h 30 \u00e0 [&hellip;]<\/p>\n","protected":false},"featured_media":8310,"parent":0,"menu_order":0,"template":"","format":"standard","news-category":[594,592],"news-tags":[484,460,461],"class_list":["post-11592","news","type-news","status-publish","format-standard","has-post-thumbnail","hentry","news-category-evenements","news-category-mises-a-jour-generales","news-tags-evenement","news-tags-notation","news-tags-resultats"],"acf":[],"aioseo_notices":[],"_links":{"self":[{"href":"https:\/\/mcc.ca\/fr\/wp-json\/wp\/v2\/news\/11592","targetHints":{"allow":["GET"]}}],"collection":[{"href":"https:\/\/mcc.ca\/fr\/wp-json\/wp\/v2\/news"}],"about":[{"href":"https:\/\/mcc.ca\/fr\/wp-json\/wp\/v2\/types\/news"}],"wp:featuredmedia":[{"embeddable":true,"href":"https:\/\/mcc.ca\/fr\/wp-json\/wp\/v2\/media\/8310"}],"wp:attachment":[{"href":"https:\/\/mcc.ca\/fr\/wp-json\/wp\/v2\/media?parent=11592"}],"wp:term":[{"taxonomy":"news-category","embeddable":true,"href":"https:\/\/mcc.ca\/fr\/wp-json\/wp\/v2\/news-category?post=11592"},{"taxonomy":"news-tags","embeddable":true,"href":"https:\/\/mcc.ca\/fr\/wp-json\/wp\/v2\/news-tags?post=11592"}],"curies":[{"name":"wp","href":"https:\/\/api.w.org\/{rel}","templated":true}]}}