{"id":11555,"date":"2018-01-05T13:55:58","date_gmt":"2018-01-05T18:55:58","guid":{"rendered":"https:\/\/mcc2022.wpengine.com\/news\/in-memoriam\/"},"modified":"2023-11-17T13:52:58","modified_gmt":"2023-11-17T18:52:58","slug":"in-memoriam","status":"publish","type":"news","link":"https:\/\/mcc.ca\/fr\/nouvelles\/in-memoriam\/","title":{"rendered":"In memoriam"},"content":{"rendered":"<h5><img fetchpriority=\"high\" decoding=\"async\" class=\"alignleft wp-image-9482\" src=\"https:\/\/mcc2022.wpengine.com\/wp-content\/uploads\/Menzies_Robert_2-1.jpg\" alt=\"\" width=\"250\" height=\"298\" \/>D<sup>r<\/sup> Robert James Menzies<br \/>\n1952 &#8211; 2017<\/h5>\n<p>Le Conseil m\u00e9dical du Canada souhaite souligner de fa\u00e7on officielle le d\u00e9c\u00e8s du D<sup>r\u00a0<\/sup>Robert\u00a0James Menzies, qui \u00e9tait un membre du Conseil de longue date tr\u00e8s estim\u00e9.<\/p>\n<p>Apr\u00e8s avoir obtenu le titre de Licenci\u00e9 du Conseil m\u00e9dical du Canada en\u00a01977, le D<sup>r<\/sup>\u00a0Menzies a men\u00e9 une belle carri\u00e8re comme m\u00e9decin praticien dans le sud du Manitoba. Il a d\u00e9fendu ardemment et soutenu de fa\u00e7on importante la m\u00e9decine familiale \u00e0 l\u2019\u00e9chelle de sa collectivit\u00e9, de sa province et du pays, et a laiss\u00e9 un h\u00e9ritage durable.<\/p>\n<p>Au cours de sa carri\u00e8re, il a re\u00e7u plusieurs distinctions importantes, notamment la M\u00e9daille du jubil\u00e9 de diamant de la reine Elizabeth\u00a0II, et a compt\u00e9 parmi les r\u00e9cipiendaires du titre M\u00e9decins de famille canadiens de l\u2019ann\u00e9e en\u00a02002.<\/p>\n<p>Nous nous souviendrons de son importante contribution au cours de ses dix ann\u00e9es comme membre du Conseil, \u00e0 titre de repr\u00e9sentant du College of Physicians and Surgeons of Manitoba. Pendant ses mandats au sein du Conseil, il a \u00e9t\u00e9 membre et porte-parole du Comit\u00e9 des appels et du Comit\u00e9 de la l\u00e9gislation, auxquels il a apport\u00e9 sa passion et son expertise.<\/p>\n<p>Il manquera beaucoup \u00e0 ses amis au CMC.<\/p>\n<p>\u00a0<\/p>\n<p>Consulter la notice n\u00e9crologique du D<sup>r<\/sup>\u00a0Menzies et les <a href=\"https:\/\/passages.winnipegfreepress.com\/passage-details\/id-251384\/MENZIES_ROBERT\">messages de sympathie<\/a>.<\/p>\n","protected":false},"excerpt":{"rendered":"<p>Dr Robert James Menzies 1952 &#8211; 2017 Le Conseil m\u00e9dical du Canada souhaite souligner de fa\u00e7on officielle le d\u00e9c\u00e8s du Dr\u00a0Robert\u00a0James Menzies, qui \u00e9tait un membre du Conseil de longue date tr\u00e8s estim\u00e9. Apr\u00e8s avoir obtenu le titre de Licenci\u00e9 du Conseil m\u00e9dical du Canada en\u00a01977, le Dr\u00a0Menzies a men\u00e9 une belle carri\u00e8re comme m\u00e9decin [&hellip;]<\/p>\n","protected":false},"featured_media":11558,"parent":0,"menu_order":0,"template":"","format":"standard","news-category":[592],"news-tags":[478,451],"class_list":["post-11555","news","type-news","status-publish","format-standard","has-post-thumbnail","hentry","news-category-mises-a-jour-generales","news-tags-conseil","news-tags-in-memoriam"],"acf":[],"aioseo_notices":[],"_links":{"self":[{"href":"https:\/\/mcc.ca\/fr\/wp-json\/wp\/v2\/news\/11555","targetHints":{"allow":["GET"]}}],"collection":[{"href":"https:\/\/mcc.ca\/fr\/wp-json\/wp\/v2\/news"}],"about":[{"href":"https:\/\/mcc.ca\/fr\/wp-json\/wp\/v2\/types\/news"}],"wp:featuredmedia":[{"embeddable":true,"href":"https:\/\/mcc.ca\/fr\/wp-json\/wp\/v2\/media\/11558"}],"wp:attachment":[{"href":"https:\/\/mcc.ca\/fr\/wp-json\/wp\/v2\/media?parent=11555"}],"wp:term":[{"taxonomy":"news-category","embeddable":true,"href":"https:\/\/mcc.ca\/fr\/wp-json\/wp\/v2\/news-category?post=11555"},{"taxonomy":"news-tags","embeddable":true,"href":"https:\/\/mcc.ca\/fr\/wp-json\/wp\/v2\/news-tags?post=11555"}],"curies":[{"name":"wp","href":"https:\/\/api.w.org\/{rel}","templated":true}]}}