{"id":11430,"date":"2016-02-04T00:00:00","date_gmt":"2016-02-04T05:00:00","guid":{"rendered":"https:\/\/mcc2022.wpengine.com\/news\/eacmc-partie-i-du-printemps-2016-les-demandes-ne-sont-plus-acceptees\/"},"modified":"2016-02-04T00:00:00","modified_gmt":"2016-02-04T05:00:00","slug":"eacmc-partie-i-du-printemps-2016-les-demandes-ne-sont-plus-acceptees","status":"publish","type":"news","link":"https:\/\/mcc.ca\/fr\/nouvelles\/eacmc-partie-i-du-printemps-2016-les-demandes-ne-sont-plus-acceptees\/","title":{"rendered":"EACMC, partie I, du printemps 2016 &#8211; Les demandes ne sont plus accept\u00e9es"},"content":{"rendered":"<p>Les demandes \u00e0 l&rsquo;examen d&rsquo;aptitude du Conseil m\u00e9dical du Canada (EACMC), partie I, du printemps 2016\u00a0ne sont plus accept\u00e9es. Nous pr\u00e9voyons que l&rsquo;inscription \u00e0 l&rsquo;examen de l&rsquo;automne 2016 d\u00e9butera au mois de mai 2016.<\/p>\n","protected":false},"excerpt":{"rendered":"<p>Les demandes \u00e0 l&rsquo;examen d&rsquo;aptitude du Conseil m\u00e9dical du Canada (EACMC), partie I, du printemps 2016\u00a0ne sont plus accept\u00e9es. Nous pr\u00e9voyons que l&rsquo;inscription \u00e0 l&rsquo;examen de l&rsquo;automne 2016 d\u00e9butera au mois de mai 2016.<\/p>\n","protected":false},"featured_media":0,"parent":0,"menu_order":0,"template":"","format":"standard","news-category":[504],"news-tags":[455,458],"class_list":["post-11430","news","type-news","status-publish","format-standard","hentry","news-category-services","news-tags-demande","news-tags-eacmc-partie-i"],"acf":[],"aioseo_notices":[],"_links":{"self":[{"href":"https:\/\/mcc.ca\/fr\/wp-json\/wp\/v2\/news\/11430","targetHints":{"allow":["GET"]}}],"collection":[{"href":"https:\/\/mcc.ca\/fr\/wp-json\/wp\/v2\/news"}],"about":[{"href":"https:\/\/mcc.ca\/fr\/wp-json\/wp\/v2\/types\/news"}],"wp:attachment":[{"href":"https:\/\/mcc.ca\/fr\/wp-json\/wp\/v2\/media?parent=11430"}],"wp:term":[{"taxonomy":"news-category","embeddable":true,"href":"https:\/\/mcc.ca\/fr\/wp-json\/wp\/v2\/news-category?post=11430"},{"taxonomy":"news-tags","embeddable":true,"href":"https:\/\/mcc.ca\/fr\/wp-json\/wp\/v2\/news-tags?post=11430"}],"curies":[{"name":"wp","href":"https:\/\/api.w.org\/{rel}","templated":true}]}}